{"id":11840,"date":"2026-09-01T09:56:56","date_gmt":"2026-09-01T09:56:56","guid":{"rendered":"https:\/\/www.splekawica.pl\/?p=11840"},"modified":"2026-09-01T10:06:48","modified_gmt":"2026-09-01T10:06:48","slug":"stypendia-szkolne-2026-2027","status":"publish","type":"post","link":"https:\/\/www.splekawica.pl\/index.php\/2026\/09\/01\/stypendia-szkolne-2026-2027\/","title":{"rendered":"Stypendia szkolne 2026\/2027"},"content":{"rendered":"<div class=\"wp-block-image\">\n<figure class=\"aligncenter size-full\"><img loading=\"lazy\" decoding=\"async\" width=\"713\" height=\"390\" src=\"https:\/\/www.splekawica.pl\/wp-content\/uploads\/2026\/09\/image.png\" alt=\"\" class=\"wp-image-11841\" srcset=\"https:\/\/www.splekawica.pl\/wp-content\/uploads\/2026\/09\/image.png 713w, https:\/\/www.splekawica.pl\/wp-content\/uploads\/2026\/09\/image-300x164.png 300w\" sizes=\"auto, (max-width: 713px) 100vw, 713px\" \/><\/figure>\n<\/div>\n\n\n<ul class=\"wp-block-list\">\n<li><strong>Wnioski sk\u0142ada si\u0119 w nieprzekraczalnym terminie <u>od 1 do 15 wrze\u015bnia 2026r.<\/u><\/strong><\/li>\n<\/ul>\n\n\n\n<ul class=\"wp-block-list\">\n<li><strong>Stypendium szkolne jest przyznawane dla uczni\u00f3w, kt\u00f3rzy <u>zamieszkuj\u0105 na trenie Gminy Strysz\u00f3w!<\/u><\/strong><\/li>\n<\/ul>\n\n\n\n<ul class=\"wp-block-list\">\n<li><strong>Miesi\u0119czna wysoko\u015b\u0107 dochodu na osob\u0119 w&nbsp;rodzinie uprawniaj\u0105ca do ubiegania si\u0119 o&nbsp;stypendium szkolne<\/strong> <strong>nie mo\u017ce by\u0107 wi\u0119ksza ni\u017c 823 z\u0142 na osob\u0119 w&nbsp;rodzinie<\/strong>.<\/li>\n<\/ul>\n\n\n\n<ul class=\"wp-block-list\">\n<li><strong><u>WA\u017bNE!<\/u><\/strong> <strong>Stypendium mo\u017ce otrzyma\u0107 rodzina w szczeg\u00f3lno\u015bci, gdy w rodzinie tej wyst\u0119puje:<\/strong> <strong>bezrobocie, niepe\u0142nosprawno\u015b\u0107, ci\u0119\u017cka lub d\u0142ugotrwa\u0142a choroba, wielodzietno\u015b\u0107, brak umiej\u0119tno\u015bci wype\u0142niania funkcji opieku\u0144czo-wychowawczych, alkoholizm lub narkomania, a tak\u017ce gdy rodzina jest niepe\u0142na.<\/strong><strong><br><br><\/strong><\/li>\n<\/ul>\n\n\n\n<p class=\"wp-block-paragraph\"><strong>Pomoc materialna przys\u0142uguje:<\/strong><\/p>\n\n\n\n<ul class=\"wp-block-list\">\n<li>uczniom szk\u00f3\u0142 publicznych, niepublicznych i niepublicznych szk\u00f3\u0142 artystycznych<br>o uprawnieniach publicznych szk\u00f3\u0142 artystycznych oraz s\u0142uchaczom kolegi\u00f3w pracownik\u00f3w s\u0142u\u017cb spo\u0142ecznych &#8211; do czasu uko\u0144czenia kszta\u0142cenia, nie d\u0142u\u017cej jednak ni\u017c do uko\u0144czenia 24 roku \u017cycia;<\/li>\n\n\n\n<li>wychowankom publicznych i niepublicznych o\u015brodk\u00f3w rewalidacyjno-wychowawczych &#8211; do czasu uko\u0144czenia realizacji obowi\u0105zku nauki.<\/li>\n<\/ul>\n\n\n\n<p class=\"wp-block-paragraph\"><strong>Sk\u0142adaj\u0105cy wniosek<\/strong>:<\/p>\n\n\n\n<ul class=\"wp-block-list\">\n<li>rodzic ucznia ( jako rodzica nale\u017cy te\u017c rozumie\u0107 prawnego opiekuna ma\u0142oletniego ucznia- art. 3 pkt 10 ustawy o systemie o\u015bwiaty),<\/li>\n\n\n\n<li>pe\u0142noletni ucze\u0144,<\/li>\n\n\n\n<li>dyrektor szko\u0142y lub &nbsp;kolegium<\/li>\n<\/ul>\n\n\n\n<p class=\"wp-block-paragraph\"><strong>Miejsce sk\u0142adania wniosku<\/strong>: Centrum Obs\u0142ugi Plac\u00f3wek O\u015bwiatowych w Stryszowie z\/s&nbsp; w Stroniu, budynek Szko\u0142y Podstawowej w Stroniu.<\/p>\n\n\n\n<p class=\"wp-block-paragraph\"><strong>Termin sk\u0142adania wniosk\u00f3w :<\/strong><br>&#8211; &nbsp;dla uczni\u00f3w szk\u00f3\u0142 do 15 wrze\u015bnia 2026 r.<br>&#8211; &nbsp;dla s\u0142uchaczy kolegi\u00f3w do 15 pa\u017adziernika 2026 r.<\/p>\n\n\n\n<p class=\"wp-block-paragraph\">&#8211; dla uczni\u00f3w i s\u0142uchaczy z nietypowym rokiem szkolnym do 15 lutego 2027 r.<\/p>\n\n\n\n<p class=\"wp-block-paragraph\"><br><strong>Wymagane dokumenty kt\u00f3re nale\u017cy z\u0142o\u017cy\u0107 do wniosku:<\/strong><\/p>\n\n\n\n<ul class=\"wp-block-list\">\n<li>za\u015bwiadczenie od pracodawcy o dochodach netto uzyskiwanych w sierpniu 2026 r.<\/li>\n\n\n\n<li>za\u015bwiadczenie lub o\u015bwiadczenie o wielko\u015bci gospodarstwa rolnego lub nakaz p\u0142atniczy &#8211; (miesi\u0119czny doch\u00f3d z hektara przeliczeniowego przyjmuje si\u0119 w wysoko\u015bci 459 z\u0142.)<\/li>\n\n\n\n<li>dokument potwierdzaj\u0105cy op\u0142acenie sk\u0142adek KRUS za sierpie\u0144 2026 r.&nbsp;<\/li>\n\n\n\n<li>za\u015bwiadczenie z o\u015brodka pomocy spo\u0142ecznej o pobranych \u015bwiadczeniach<\/li>\n\n\n\n<li>za\u015bwiadczenie lub decyzje z urz\u0119du pracy o rejestracji jako osoba bezrobotna i o wysoko\u015bci pobieranego zasi\u0142ku (netto);<\/li>\n\n\n\n<li>odcinek renty\/emerytury za m-c sierpie\u0144 2026 r.<\/li>\n\n\n\n<li>postanowienia s\u0105du lub inny dokument o zas\u0105dzonych alimentach;<\/li>\n\n\n\n<li>osoba prowadz\u0105ca pozarolnicz\u0105 dzia\u0142alno\u015b\u0107 gospodarcz\u0105 opodatkowan\u0105 na zasadach og\u00f3lnych przedk\u0142ada za\u015bwiadczenie naczelnika urz\u0119du skarbowego je\u017celi dzia\u0142alno\u015b\u0107 by\u0142a prowadzona w poprzednim roku podatkowym, albo o\u015bwiadczenie podatnika je\u017celi dzia\u0142alno\u015b\u0107 by\u0142a rozpocz\u0119ta w bie\u017c\u0105cym roku. Za\u015bwiadczenie o dochodach od naczelnika urz\u0119du skarbowego powinno zawiera\u0107 informacj\u0119 o wysoko\u015bci:<\/li>\n\n\n\n<li>przychodu<\/li>\n\n\n\n<li>koszt\u00f3w uzyskania przychodu,<\/li>\n\n\n\n<li>r\u00f3\u017cnic\u0119 pomi\u0119dzy przychodem a kosztami jego uzyskania,<\/li>\n\n\n\n<li>dochod\u00f3w z innych \u017ar\u00f3de\u0142 ni\u017c pozarolnicza dzia\u0142alno\u015b\u0107 gospodarcza,<\/li>\n\n\n\n<li>odliczonych od dochodu sk\u0142adek na ubezpieczenia spo\u0142eczne<\/li>\n\n\n\n<li>nale\u017cnego podatku,<\/li>\n\n\n\n<li>odliczonych sk\u0142adek na ubezpieczenie zdrowotne<\/li>\n\n\n\n<li>W stosunku do os\u00f3b prowadz\u0105cych pozarolnicz\u0105 dzia\u0142alno\u015b\u0107 gospodarcz\u0105 opodatkowan\u0105 na zasadach okre\u015blonych w przepisach o zrycza\u0142towanym podatku dochodowym (rycza\u0142t, karta podatkowa) &#8211; za doch\u00f3d przyjmuje si\u0119 kwot\u0119 zadeklarowan\u0105 w o\u015bwiadczeniu tej osoby, za\u015bwiadczenie naczelnika urz\u0119du skarbowego o formie opodatkowania oraz dowody op\u0142acenia sk\u0142adek ZUS ;<br><br><\/li>\n<\/ul>\n\n\n\n<p class=\"wp-block-paragraph\"><strong>Za\u0142\u0105czniki:<\/strong><\/p>\n\n\n\n<ul class=\"wp-block-list\">\n<li><a href=\"https:\/\/www.splekawica.pl\/wp-content\/uploads\/2026\/09\/WNIOSEK-O-STYPENDIUM-2026.docx\">Wniosek o przyznanie stypendium szkolnego<\/a><\/li>\n<\/ul>\n\n\n\n<p class=\"wp-block-paragraph\"><strong>ZASI\u0141EK SZKOLNY<\/strong><\/p>\n\n\n\n<p class=\"wp-block-paragraph\"><br><strong>ZASI\u0141EK SZKOLNY<\/strong> mo\u017ce by\u0107 przyznany uczniowi znajduj\u0105cemu si\u0119 przej\u015bciowo w trudnej sytuacji materialnej z powodu zdarzenia losowego, w formie \u015bwiadczenia pieni\u0119\u017cnego na pokrycie wydatk\u00f3w zwi\u0105zanych z procesem edukacyjnym, raz lub kilka razy w roku, niezale\u017cnie od otrzymywanego stypendium szkolnego.<\/p>\n\n\n\n<p class=\"wp-block-paragraph\">Wniosek o przyznanie zasi\u0142ku szkolnego nale\u017cy z\u0142o\u017cy\u0107 w Centrum Obs\u0142ugi Plac\u00f3wek O\u015bwiatowych&nbsp; w Stryszowie z\/s w Stroniu w terminie <strong>nie d\u0142u\u017cszym ni\u017c dwa miesi\u0105ce od dnia wyst\u0105pienia zdarzenia uzasadniaj\u0105cego przyznanie tego zasi\u0142ku.<\/strong> Ponadto warunkiem otrzymania zasi\u0142ku szkolnego jest zamieszkanie na terenie Gminy Strysz\u00f3w.<br><br><\/p>\n\n\n\n<p class=\"wp-block-paragraph\"><\/p>\n","protected":false},"excerpt":{"rendered":"<p>Pomoc materialna przys\u0142uguje: Sk\u0142adaj\u0105cy wniosek: Miejsce sk\u0142adania wniosku: Centrum Obs\u0142ugi Plac\u00f3wek O\u015bwiatowych w Stryszowie z\/s&nbsp; w Stroniu, budynek Szko\u0142y Podstawowej [&hellip;]<\/p>\n","protected":false},"author":1,"featured_media":11841,"comment_status":"open","ping_status":"open","sticky":false,"template":"","format":"standard","meta":{"_uag_custom_page_level_css":"","footnotes":""},"categories":[5],"tags":[],"class_list":["post-11840","post","type-post","status-publish","format-standard","has-post-thumbnail","hentry","category-szkola"],"uagb_featured_image_src":{"full":["https:\/\/www.splekawica.pl\/wp-content\/uploads\/2026\/09\/image.png",713,390,false],"thumbnail":["https:\/\/www.splekawica.pl\/wp-content\/uploads\/2026\/09\/image-150x150.png",150,150,true],"medium":["https:\/\/www.splekawica.pl\/wp-content\/uploads\/2026\/09\/image-300x164.png",300,164,true],"medium_large":["https:\/\/www.splekawica.pl\/wp-content\/uploads\/2026\/09\/image.png",640,350,false],"large":["https:\/\/www.splekawica.pl\/wp-content\/uploads\/2026\/09\/image.png",640,350,false],"1536x1536":["https:\/\/www.splekawica.pl\/wp-content\/uploads\/2026\/09\/image.png",713,390,false],"2048x2048":["https:\/\/www.splekawica.pl\/wp-content\/uploads\/2026\/09\/image.png",713,390,false],"bizberg_medium":["https:\/\/www.splekawica.pl\/wp-content\/uploads\/2026\/09\/image-300x300.png",300,300,true],"bizberg_gallery":["https:\/\/www.splekawica.pl\/wp-content\/uploads\/2026\/09\/image-500x390.png",500,390,true],"bizberg_blog_list":["https:\/\/www.splekawica.pl\/wp-content\/uploads\/2026\/09\/image-368x240.png",368,240,true],"bizberg_detail_image":["https:\/\/www.splekawica.pl\/wp-content\/uploads\/2026\/09\/image.png",713,390,false],"bizberg_detail_image_no_sidebar":["https:\/\/www.splekawica.pl\/wp-content\/uploads\/2026\/09\/image.png",713,390,false],"bizberg_portfolio_homepage":["https:\/\/www.splekawica.pl\/wp-content\/uploads\/2026\/09\/image-600x390.png",600,390,true],"bizberg_blog_list_no_sidebar_1":["https:\/\/www.splekawica.pl\/wp-content\/uploads\/2026\/09\/image-220x190.png",220,190,true]},"uagb_author_info":{"display_name":"admin","author_link":"https:\/\/www.splekawica.pl\/index.php\/author\/admin\/"},"uagb_comment_info":0,"uagb_excerpt":"Pomoc materialna przys\u0142uguje: Sk\u0142adaj\u0105cy wniosek: Miejsce sk\u0142adania wniosku: Centrum Obs\u0142ugi Plac\u00f3wek O\u015bwiatowych w Stryszowie z\/s&nbsp; w Stroniu, budynek Szko\u0142y Podstawowej [&hellip;]","_links":{"self":[{"href":"https:\/\/www.splekawica.pl\/index.php\/wp-json\/wp\/v2\/posts\/11840","targetHints":{"allow":["GET"]}}],"collection":[{"href":"https:\/\/www.splekawica.pl\/index.php\/wp-json\/wp\/v2\/posts"}],"about":[{"href":"https:\/\/www.splekawica.pl\/index.php\/wp-json\/wp\/v2\/types\/post"}],"author":[{"embeddable":true,"href":"https:\/\/www.splekawica.pl\/index.php\/wp-json\/wp\/v2\/users\/1"}],"replies":[{"embeddable":true,"href":"https:\/\/www.splekawica.pl\/index.php\/wp-json\/wp\/v2\/comments?post=11840"}],"version-history":[{"count":3,"href":"https:\/\/www.splekawica.pl\/index.php\/wp-json\/wp\/v2\/posts\/11840\/revisions"}],"predecessor-version":[{"id":11846,"href":"https:\/\/www.splekawica.pl\/index.php\/wp-json\/wp\/v2\/posts\/11840\/revisions\/11846"}],"wp:featuredmedia":[{"embeddable":true,"href":"https:\/\/www.splekawica.pl\/index.php\/wp-json\/wp\/v2\/media\/11841"}],"wp:attachment":[{"href":"https:\/\/www.splekawica.pl\/index.php\/wp-json\/wp\/v2\/media?parent=11840"}],"wp:term":[{"taxonomy":"category","embeddable":true,"href":"https:\/\/www.splekawica.pl\/index.php\/wp-json\/wp\/v2\/categories?post=11840"},{"taxonomy":"post_tag","embeddable":true,"href":"https:\/\/www.splekawica.pl\/index.php\/wp-json\/wp\/v2\/tags?post=11840"}],"curies":[{"name":"wp","href":"https:\/\/api.w.org\/{rel}","templated":true}]}}