{"id":153,"date":"2019-02-06T07:37:47","date_gmt":"2019-02-06T07:37:47","guid":{"rendered":"http:\/\/www.splekawica.pl\/index.php\/2019\/02\/06\/uroczystosc-dnia-babci-i-dziadka\/"},"modified":"2019-02-06T07:37:47","modified_gmt":"2019-02-06T07:37:47","slug":"uroczystosc-dnia-babci-i-dziadka","status":"publish","type":"post","link":"https:\/\/www.splekawica.pl\/index.php\/2019\/02\/06\/uroczystosc-dnia-babci-i-dziadka\/","title":{"rendered":"Uroczysto\u015b\u0107 Dnia Babci i Dziadka"},"content":{"rendered":"<p>W pi\u0105tek 1 lutego w naszej szkole odby\u0142o si\u0119 uroczyste spotkanie z okazji Dnia Babci i Dziadka. Spotkanie to odby\u0142o si\u0119 w dw\u00f3ch grupach wiekowych. Najpierw dzieci klas I- III, po po\u0142udniu przedszkolaki i dzieci klasy \u201eO\u201d. Dzieci \u015bpiewa\u0142y piosenki i m\u00f3wi\u0142y wiersze. Babcie i dziadkowie bardzo dumni i wzruszeni ogl\u0105dali wyst\u0119p swoich wnucz\u0105t.\u00a0<\/p>\n<p>Szczeg\u00f3lne podzi\u0119kowania dla wychowawc\u00f3w i nauczycieli, kt\u00f3rzy wraz z dzie\u0107mi przygotowali t\u0119 pi\u0119kn\u0105 uroczysto\u015b\u0107.<\/p>\n<p>\u00a0<\/p>\n<p>Uroczysto\u015b\u0107\u00a0Dnia Babci i Dziadka przygotowana przez klasy I &#8211; III<\/p>\n<p>{gallery}galeria\/galeria2018\/dzienbabcidziadka{\/gallery}<\/p>\n<p>\u00a0<\/p>\n<h2>Uroczysto\u015b\u0107 z okazji Dnia Babci i Dziadka przygotowana przez Przedszkolak\u00f3w<\/h2>\n<p>Wszystkich zaproszonych go\u015bci serdecznie powita\u0142 Pan Dyrektor sk\u0142adaj\u0105c najlepsze \u017cyczenia. Dla bab\u0107 i dziadk\u00f3w wyst\u0105pi\u0142y ukochane wnuki sk\u0142adaj\u0105c \u017cyczenia wierszem, ta\u0144cem i piosenk\u0105. Nast\u0119pnie rodzice przedszkolak\u00f3w przedstawili spektakl pt.&#8221;Dziewczynka z zapa\u0142kami &#8222;. By\u0142y brawa, wzruszenie i wielka rado\u015b\u0107.Wnuki dla dziadk\u00f3w i ich w\u0142asne dzieci, kt\u00f3re te\u017c sprawi\u0142y wielk\u0105 niespodziank\u0119. Dzieci wr\u0119czy\u0142y dziadkom upominki za\u015b rodzice przedszkolak\u00f3w przygotowali s\u0142odki pocz\u0119stunek. Dzi\u0119kujemy dziadziusiowi Julki, panu Bogdanowi Por\u0119bskiemu ,kt\u00f3ry przygrywa\u0142 zach\u0119caj\u0105c wszystkich go\u015bci do wsp\u00f3lnego kol\u0119dowania. Uroczysto\u015b\u0107 zako\u0144czy\u0142y wsp\u00f3lne &#8222;Kaczuszki&#8221; z rodzicami i babciami. Spotkanie up\u0142yn\u0119\u0142o w mi\u0142ej i serdecznej atmosferze. Dzi\u0119kujemy wszystkim zaanga\u017cowanym i \u017cyczymy Sto lat w zdrowiu.<\/p>\n<p>\u00a0<\/p>\n<p>\u00a0<\/p>\n<p>Obchody Dnia Babci i Dziadka przygotowane przez przedszkolak\u00f3w<\/p>\n<p>{gallery}galeria\/galeria2018\/dzienbabcidziadka_przedszkole{\/gallery}<\/p>\n<p>\u00a0<\/p>\n<p>Przedstawienie &#8222;Dziewczynka z zapa\u0142kami&#8221; przygotowane przez rodzic\u00f3w<\/p>\n<p>{gallery}galeria\/galeria2018\/dziewczynkazzapalkami{\/gallery}<\/p>\n<p>\u00a0<\/p>\n","protected":false},"excerpt":{"rendered":"<p>W pi\u0105tek 1 lutego w naszej szkole odby\u0142o si\u0119 uroczyste spotkanie z okazji Dnia Babci i Dziadka. Spotkanie to odby\u0142o [&hellip;]<\/p>\n","protected":false},"author":1,"featured_media":0,"comment_status":"open","ping_status":"open","sticky":false,"template":"","format":"standard","meta":{"_uag_custom_page_level_css":"","footnotes":""},"categories":[5],"tags":[],"class_list":["post-153","post","type-post","status-publish","format-standard","hentry","category-szkola"],"uagb_featured_image_src":{"full":false,"thumbnail":false,"medium":false,"medium_large":false,"large":false,"1536x1536":false,"2048x2048":false,"bizberg_medium":false,"bizberg_gallery":false,"bizberg_blog_list":false,"bizberg_detail_image":false,"bizberg_detail_image_no_sidebar":false,"bizberg_portfolio_homepage":false,"bizberg_blog_list_no_sidebar_1":false},"uagb_author_info":{"display_name":"admin","author_link":"https:\/\/www.splekawica.pl\/index.php\/author\/admin\/"},"uagb_comment_info":0,"uagb_excerpt":"W pi\u0105tek 1 lutego w naszej szkole odby\u0142o si\u0119 uroczyste spotkanie z okazji Dnia Babci i Dziadka. Spotkanie to odby\u0142o [&hellip;]","_links":{"self":[{"href":"https:\/\/www.splekawica.pl\/index.php\/wp-json\/wp\/v2\/posts\/153","targetHints":{"allow":["GET"]}}],"collection":[{"href":"https:\/\/www.splekawica.pl\/index.php\/wp-json\/wp\/v2\/posts"}],"about":[{"href":"https:\/\/www.splekawica.pl\/index.php\/wp-json\/wp\/v2\/types\/post"}],"author":[{"embeddable":true,"href":"https:\/\/www.splekawica.pl\/index.php\/wp-json\/wp\/v2\/users\/1"}],"replies":[{"embeddable":true,"href":"https:\/\/www.splekawica.pl\/index.php\/wp-json\/wp\/v2\/comments?post=153"}],"version-history":[{"count":0,"href":"https:\/\/www.splekawica.pl\/index.php\/wp-json\/wp\/v2\/posts\/153\/revisions"}],"wp:attachment":[{"href":"https:\/\/www.splekawica.pl\/index.php\/wp-json\/wp\/v2\/media?parent=153"}],"wp:term":[{"taxonomy":"category","embeddable":true,"href":"https:\/\/www.splekawica.pl\/index.php\/wp-json\/wp\/v2\/categories?post=153"},{"taxonomy":"post_tag","embeddable":true,"href":"https:\/\/www.splekawica.pl\/index.php\/wp-json\/wp\/v2\/tags?post=153"}],"curies":[{"name":"wp","href":"https:\/\/api.w.org\/{rel}","templated":true}]}}