{"id":39,"date":"2018-11-12T14:29:29","date_gmt":"2018-11-12T14:29:29","guid":{"rendered":"http:\/\/www.splekawica.pl\/index.php\/2018\/11\/12\/historia\/"},"modified":"2022-12-02T11:12:25","modified_gmt":"2022-12-02T11:12:25","slug":"historia","status":"publish","type":"post","link":"https:\/\/www.splekawica.pl\/index.php\/2018\/11\/12\/historia\/","title":{"rendered":"Historia"},"content":{"rendered":"<p style=\"text-align: justify;\">W 1907 roku po wielu staraniach mieszka\u0144c\u00f3w powsta\u0142a w \u0141\u0119kawicy 1 klasowa Szko\u0142a Powszechna do kt\u00f3rej ucz\u0119szcza\u0142o 116 dzieci ucz\u0105cych si\u0119 w prywatnym domu. Jedynym nauczycielem by\u0142a pani Wanda Misi\u0144ska. Pierwsza inicjatywa budowy w\u0142asnego budynku szko\u0142y pojawia si\u0119 ju\u017c w 1911 roku; niestety podobnie jak kolejne w roku 1919 i 1925 inicjatywy te wobec braku terenu, \u015brodk\u00f3w finansowych i wi\u0119kszego zaanga\u017cowania \u015brodowiska ko\u0144cz\u0105 si\u0119 fiaskiem. Od 1925 roku szko\u0142a zostaje przekszta\u0142cona w cztero, a od 1926 roku w pi\u0119cioklasow\u0105 publiczn\u0105 szko\u0142\u0119 mieszan\u0105. W 1936 roku dzi\u0119ki energii nowego kierownika szko\u0142y Romana Jab\u0142o\u0144skiego rodzi si\u0119 kolejna inicjatywa budowy szko\u0142y, o dziwo ju\u017c w 1938 roku zrealizowana. W okresie okupacji pan R. Jab\u0142o\u0144ski zostaje aresztowany, zginie tragicznie w obozie w O\u015bwi\u0119cimiu; budynek zaj\u0119ty przez w\u0142adze niemieckie, a szko\u0142a ponownie wysiedlona do obiekt\u00f3w prywatnych. Z inwestycji towarzysz\u0105cych szkole w 1939 roku wybudowano ubikacj\u0119 i studni\u0119, w 1947 r. za\u0142o\u017cono w szkole instalacj\u0119 elektryczn\u0105, w 1955-58 r. ogrodzono teren szko\u0142y, a w 1967 wykonano boisko trawiaste. Wobec rosn\u0105cej liczby dzieci (od 165-260 w latach 1950-1970), w 1964 roku z inicjatywy kierownika szko\u0142y p. Mariana Kwiatka powo\u0142ano Spo\u0142. Komitet Rozbudowy Szko\u0142y, kt\u00f3ry do 1970 roku wykona\u0142 dokumentacj\u0119, oraz zgromadzi\u0142 cz\u0119\u015b\u0107 materia\u0142\u00f3w. Niestety inicjatywa upad\u0142a.\u00a0 Kolejny pomys\u0142 na rozbudow\u0119 pojawia si\u0119 w 1983 roku kiedy to z inicjatywy w\u0142adz wojew\u00f3dzkich oraz gminnych powo\u0142any zostaje Komitet Budowy Przedszkola w \u0141\u0119kawicy \u2013 inicjatywa na kt\u00f3r\u0105 zmarnowano olbrzymi\u0105 ilo\u015b\u0107 energii mieszka\u0144c\u00f3w wsi oraz \u015brodk\u00f3w finansowych (od samego pocz\u0105tku by\u0142a ma\u0142o realna). W 1991 roku pojawia si\u0119 jednak inicjatywa, kt\u00f3ra wreszcie doczeka\u0142a si\u0119 realizacji. Kierowany przez p. Adama Adamczyka Spo\u0142eczny Komitet Budowy Sali Gimnastycznej w \u0141\u0119kawicy przyst\u0119puje do rozbudowy szko\u0142y. Olbrzymim wysi\u0142kiem mieszka\u0144c\u00f3w, uczni\u00f3w, nauczycieli i w\u0142adz gminnych budowa zostaje rozpocz\u0119ta i w i\u015bcie ekspresowym\u00a0 prowadzona.<\/p>\n<p style=\"text-align: justify;\">\n<p style=\"text-align: justify;\">W 1994 roku od 1 wrze\u015bnia oddano do u\u017cytku 2 nowe sale lekcyjne, od lutego 1995 roku szkolne sanitariaty, a\u017c wreszcie\u00a0 28 wrze\u015bnia 1995 roku uroczy\u015bcie oddano do u\u017cytku sal\u0119 gimnastyczn\u0105. W latach 1995-1997 wykonano nowe boiska przyszkolne, oraz ogrodzono teren szko\u0142y a od wrze\u015bnia 1997 roku przyst\u0105piono do dalszej rozbudowy finansowej przez inwestora zapory w \u015awinnej Por\u0119bie. Niestety budowa w latach 1998-2000 zostaje przerwana, aby po wznowieniu finansowania przez RZGW Krak\u00f3w zosta\u0107 zako\u0144czon\u0105 6 marca 2002 r. W wyniku tej rozbudowy szko\u0142a uzyska\u0142a: pracowni\u0119 komputerow\u0105, sal\u0119 dla oddzia\u0142u przedszkolnego, 2 sale lekcyjne oraz pi\u0119kn\u0105 bibliotek\u0119 na poddaszu. Po kolejnej przebudowie od 1 marca 2003r. szko\u0142a otrzymuje sto\u0142\u00f3wk\u0119 wygospodarowan\u0105 w pomieszczeniach piwnic.<\/p>\n<p>\u00a0<img loading=\"lazy\" decoding=\"async\" class=\" size-full wp-image-37\" style=\"display: block; margin-left: auto; margin-right: auto;\" src=\"https:\/\/www.splekawica.pl\/wp-content\/uploads\/2018\/11\/folder_lekawica_01.jpg\" alt=\"\" width=\"1000\" height=\"708\" srcset=\"https:\/\/www.splekawica.pl\/wp-content\/uploads\/2018\/11\/folder_lekawica_01.jpg 1000w, https:\/\/www.splekawica.pl\/wp-content\/uploads\/2018\/11\/folder_lekawica_01-300x212.jpg 300w, https:\/\/www.splekawica.pl\/wp-content\/uploads\/2018\/11\/folder_lekawica_01-768x544.jpg 768w\" sizes=\"auto, (max-width: 1000px) 100vw, 1000px\" \/><\/p>\n<p><img loading=\"lazy\" decoding=\"async\" class=\" size-full wp-image-37\" style=\"display: block; margin-left: auto; margin-right: auto;\" src=\"https:\/\/www.splekawica.pl\/wp-content\/uploads\/2018\/11\/folder_lekawica_01.jpg\" alt=\"\" width=\"1000\" height=\"708\" srcset=\"https:\/\/www.splekawica.pl\/wp-content\/uploads\/2018\/11\/folder_lekawica_01.jpg 1000w, https:\/\/www.splekawica.pl\/wp-content\/uploads\/2018\/11\/folder_lekawica_01-300x212.jpg 300w, https:\/\/www.splekawica.pl\/wp-content\/uploads\/2018\/11\/folder_lekawica_01-768x544.jpg 768w\" sizes=\"auto, (max-width: 1000px) 100vw, 1000px\" \/><\/p>\n<p><img loading=\"lazy\" decoding=\"async\" class=\" size-full wp-image-38\" style=\"display: block; margin-left: auto; margin-right: auto;\" src=\"https:\/\/www.splekawica.pl\/wp-content\/uploads\/2018\/11\/folder_lekawica_02.jpg\" alt=\"\" width=\"1000\" height=\"708\" srcset=\"https:\/\/www.splekawica.pl\/wp-content\/uploads\/2018\/11\/folder_lekawica_02.jpg 1000w, https:\/\/www.splekawica.pl\/wp-content\/uploads\/2018\/11\/folder_lekawica_02-300x212.jpg 300w, https:\/\/www.splekawica.pl\/wp-content\/uploads\/2018\/11\/folder_lekawica_02-768x544.jpg 768w\" sizes=\"auto, (max-width: 1000px) 100vw, 1000px\" \/><\/p>\n<p><img loading=\"lazy\" decoding=\"async\" class=\" size-full wp-image-38\" style=\"display: block; margin-left: auto; margin-right: auto;\" src=\"https:\/\/www.splekawica.pl\/wp-content\/uploads\/2018\/11\/folder_lekawica_02.jpg\" alt=\"\" width=\"1000\" height=\"708\" srcset=\"https:\/\/www.splekawica.pl\/wp-content\/uploads\/2018\/11\/folder_lekawica_02.jpg 1000w, https:\/\/www.splekawica.pl\/wp-content\/uploads\/2018\/11\/folder_lekawica_02-300x212.jpg 300w, https:\/\/www.splekawica.pl\/wp-content\/uploads\/2018\/11\/folder_lekawica_02-768x544.jpg 768w\" sizes=\"auto, (max-width: 1000px) 100vw, 1000px\" \/><\/p>\n","protected":false},"excerpt":{"rendered":"<p>W 1907 roku po wielu staraniach mieszka\u0144c\u00f3w powsta\u0142a w \u0141\u0119kawicy 1 klasowa Szko\u0142a Powszechna do kt\u00f3rej ucz\u0119szcza\u0142o 116 dzieci ucz\u0105cych [&hellip;]<\/p>\n","protected":false},"author":1,"featured_media":37,"comment_status":"open","ping_status":"open","sticky":false,"template":"","format":"standard","meta":{"_uag_custom_page_level_css":"","footnotes":""},"categories":[1],"tags":[],"class_list":["post-39","post","type-post","status-publish","format-standard","has-post-thumbnail","hentry","category-o-szkole"],"uagb_featured_image_src":{"full":["https:\/\/www.splekawica.pl\/wp-content\/uploads\/2018\/11\/folder_lekawica_01.jpg",1000,708,false],"thumbnail":["https:\/\/www.splekawica.pl\/wp-content\/uploads\/2018\/11\/folder_lekawica_01-150x150.jpg",150,150,true],"medium":["https:\/\/www.splekawica.pl\/wp-content\/uploads\/2018\/11\/folder_lekawica_01-300x212.jpg",300,212,true],"medium_large":["https:\/\/www.splekawica.pl\/wp-content\/uploads\/2018\/11\/folder_lekawica_01-768x544.jpg",640,453,true],"large":["https:\/\/www.splekawica.pl\/wp-content\/uploads\/2018\/11\/folder_lekawica_01.jpg",640,453,false],"1536x1536":["https:\/\/www.splekawica.pl\/wp-content\/uploads\/2018\/11\/folder_lekawica_01.jpg",1000,708,false],"2048x2048":["https:\/\/www.splekawica.pl\/wp-content\/uploads\/2018\/11\/folder_lekawica_01.jpg",1000,708,false],"bizberg_medium":["https:\/\/www.splekawica.pl\/wp-content\/uploads\/2018\/11\/folder_lekawica_01-300x300.jpg",300,300,true],"bizberg_gallery":["https:\/\/www.splekawica.pl\/wp-content\/uploads\/2018\/11\/folder_lekawica_01-500x400.jpg",500,400,true],"bizberg_blog_list":["https:\/\/www.splekawica.pl\/wp-content\/uploads\/2018\/11\/folder_lekawica_01-368x240.jpg",368,240,true],"bizberg_detail_image":["https:\/\/www.splekawica.pl\/wp-content\/uploads\/2018\/11\/folder_lekawica_01-825x400.jpg",825,400,true],"bizberg_detail_image_no_sidebar":["https:\/\/www.splekawica.pl\/wp-content\/uploads\/2018\/11\/folder_lekawica_01-920x400.jpg",920,400,true],"bizberg_portfolio_homepage":["https:\/\/www.splekawica.pl\/wp-content\/uploads\/2018\/11\/folder_lekawica_01-600x400.jpg",600,400,true],"bizberg_blog_list_no_sidebar_1":["https:\/\/www.splekawica.pl\/wp-content\/uploads\/2018\/11\/folder_lekawica_01-220x190.jpg",220,190,true]},"uagb_author_info":{"display_name":"admin","author_link":"https:\/\/www.splekawica.pl\/index.php\/author\/admin\/"},"uagb_comment_info":69,"uagb_excerpt":"W 1907 roku po wielu staraniach mieszka\u0144c\u00f3w powsta\u0142a w \u0141\u0119kawicy 1 klasowa Szko\u0142a Powszechna do kt\u00f3rej ucz\u0119szcza\u0142o 116 dzieci ucz\u0105cych [&hellip;]","_links":{"self":[{"href":"https:\/\/www.splekawica.pl\/index.php\/wp-json\/wp\/v2\/posts\/39","targetHints":{"allow":["GET"]}}],"collection":[{"href":"https:\/\/www.splekawica.pl\/index.php\/wp-json\/wp\/v2\/posts"}],"about":[{"href":"https:\/\/www.splekawica.pl\/index.php\/wp-json\/wp\/v2\/types\/post"}],"author":[{"embeddable":true,"href":"https:\/\/www.splekawica.pl\/index.php\/wp-json\/wp\/v2\/users\/1"}],"replies":[{"embeddable":true,"href":"https:\/\/www.splekawica.pl\/index.php\/wp-json\/wp\/v2\/comments?post=39"}],"version-history":[{"count":1,"href":"https:\/\/www.splekawica.pl\/index.php\/wp-json\/wp\/v2\/posts\/39\/revisions"}],"predecessor-version":[{"id":971,"href":"https:\/\/www.splekawica.pl\/index.php\/wp-json\/wp\/v2\/posts\/39\/revisions\/971"}],"wp:featuredmedia":[{"embeddable":true,"href":"https:\/\/www.splekawica.pl\/index.php\/wp-json\/wp\/v2\/media\/37"}],"wp:attachment":[{"href":"https:\/\/www.splekawica.pl\/index.php\/wp-json\/wp\/v2\/media?parent=39"}],"wp:term":[{"taxonomy":"category","embeddable":true,"href":"https:\/\/www.splekawica.pl\/index.php\/wp-json\/wp\/v2\/categories?post=39"},{"taxonomy":"post_tag","embeddable":true,"href":"https:\/\/www.splekawica.pl\/index.php\/wp-json\/wp\/v2\/tags?post=39"}],"curies":[{"name":"wp","href":"https:\/\/api.w.org\/{rel}","templated":true}]}}