{"id":40,"date":"2018-11-12T15:37:34","date_gmt":"2018-11-12T15:37:34","guid":{"rendered":"http:\/\/www.splekawica.pl\/index.php\/2018\/11\/12\/harmonogram-roku-szkolnego\/"},"modified":"2018-11-12T15:37:34","modified_gmt":"2018-11-12T15:37:34","slug":"harmonogram-roku-szkolnego","status":"publish","type":"post","link":"https:\/\/www.splekawica.pl\/index.php\/2018\/11\/12\/harmonogram-roku-szkolnego\/","title":{"rendered":"Harmonogram roku szkolnego"},"content":{"rendered":"<p style=\"text-align: center;\"><span style=\"font-size: 10pt;\"><strong>HARMONOGRAM AKADEMII <\/strong><strong>I APELI SZKOLNYCH <\/strong><\/span><\/p>\n<p style=\"text-align: center;\"><span style=\"font-size: 10pt;\"><strong>W SZKOLE PODSTAWOWEJ IM. ROMANA JAB\u0141O\u0143SKIEGO W \u0141\u0118KAWICY<\/strong><\/span><\/p>\n<p style=\"text-align: center;\"><span style=\"font-size: 10pt;\"><strong>w roku szkolnym 2022\/2023<\/strong><\/span><\/p>\n<p style=\"text-align: center;\">\u00a0\u00a0<\/p>\n<table width=\"714\">\n<tbody>\n<tr>\n<td style=\"text-align: left;\" width=\"42\">\n<p><strong>Lp.<\/strong><\/p>\n<\/td>\n<td style=\"text-align: left;\" width=\"194\">\n<p><strong>Data<\/strong><\/p>\n<\/td>\n<td style=\"text-align: left;\" width=\"279\">\n<p><strong>Akademia\/Apel<\/strong><\/p>\n<\/td>\n<\/tr>\n<tr>\n<td width=\"42\">\n<p>1<\/p>\n<\/td>\n<td width=\"194\">\n<p>01.09.2022\u00a0<\/p>\n<\/td>\n<td width=\"279\">\n<p>Rozpocz\u0119cie roku szkolnego.<\/p>\n<\/td>\n<\/tr>\n<tr>\n<td width=\"42\">\n<p>2.<\/p>\n<\/td>\n<td width=\"194\">\n<p>13.10.2022 \/pt\/<\/p>\n<\/td>\n<td width=\"279\">\n<p>\u015awi\u0119to K.E.N<\/p>\n<\/td>\n<\/tr>\n<tr>\n<td width=\"42\">\n<p>3.<\/p>\n<\/td>\n<td width=\"194\">\n<p>26.10.2022 \/\u015br\/ &#8211; 12<sup>00<\/sup><\/p>\n<\/td>\n<td width=\"279\">\n<p>\u015alubowanie kl. I.<\/p>\n<\/td>\n<\/tr>\n<tr>\n<td width=\"42\">\n<p>4.<\/p>\n<\/td>\n<td width=\"194\">\n<p>27.10.2022 \/czw\/<\/p>\n<\/td>\n<td width=\"279\">\n<p>Dzie\u0144 Patrona<\/p>\n<\/td>\n<\/tr>\n<tr>\n<td width=\"42\">\n<p>5.<\/p>\n<\/td>\n<td width=\"194\">\n<p>10.11.2022 \/czw\/<\/p>\n<\/td>\n<td width=\"279\">\n<p>\u015awi\u0119to Niepodleg\u0142o\u015bci.<\/p>\n<\/td>\n<\/tr>\n<tr>\n<td width=\"42\">\n<p>6.<\/p>\n<\/td>\n<td width=\"194\">\n<p>22.12.2022 \/czw\/<\/p>\n<\/td>\n<td width=\"279\">\n<p>Apel \u015bwi\u0105teczny \u2013 szkolna wigilia<\/p>\n<\/td>\n<\/tr>\n<tr>\n<td width=\"42\">\n<p>7.<\/p>\n<\/td>\n<td width=\"194\">\n<p>01. 2023<\/p>\n<\/td>\n<td width=\"279\">\n<p>WO\u015aP\u00a0<\/p>\n<\/td>\n<\/tr>\n<tr>\n<td width=\"42\">\n<p>8.<\/p>\n<\/td>\n<td width=\"194\">\n<p>20.01.2023 \/pt \/<\/p>\n<\/td>\n<td width=\"279\">\n<p>Dzie\u0144 Babci i Dziadka.<\/p>\n<\/td>\n<\/tr>\n<tr>\n<td width=\"42\">\n<p>9.<\/p>\n<\/td>\n<td width=\"194\">\n<p>21.04.2023 \/pn\/<\/p>\n<\/td>\n<td width=\"279\">\n<p>Powitanie wiosny.<\/p>\n<\/td>\n<\/tr>\n<tr>\n<td width=\"42\">\n<p>10.<\/p>\n<\/td>\n<td width=\"194\">\n<p>21.04.2023 \/pt\/<\/p>\n<\/td>\n<td width=\"279\">\n<p>Apel biblioteczny \u2013 \u015awiatowy Dzie\u0144 Ksi\u0105\u017cki<\/p>\n<\/td>\n<\/tr>\n<tr>\n<td width=\"42\">\n<p>11.<\/p>\n<\/td>\n<td width=\"194\">\n<p>28.04.2023 \/pt\/<\/p>\n<\/td>\n<td width=\"279\">\n<p>\u015awi\u0119to Konstytucji 3 maja.<\/p>\n<\/td>\n<\/tr>\n<tr>\n<td width=\"42\">\n<p>12.<\/p>\n<\/td>\n<td width=\"194\">\n<p>09.05.2023 \/wt\/<\/p>\n<\/td>\n<td width=\"279\">\n<p>Dzie\u0144 Europejski<\/p>\n<\/td>\n<\/tr>\n<tr>\n<td width=\"42\">\n<p>13.<\/p>\n<\/td>\n<td width=\"194\">\n<p>26.05.2023 \/pt\/<\/p>\n<\/td>\n<td width=\"279\">\n<p>Dzie\u0144 Matki<\/p>\n<\/td>\n<\/tr>\n<tr>\n<td width=\"42\">\n<p>14.<\/p>\n<\/td>\n<td width=\"194\">\n<p>01.06.2023 \/czw\/<\/p>\n<\/td>\n<td width=\"279\">\n<p>Dzie\u0144 Dziecka<\/p>\n<\/td>\n<\/tr>\n<tr>\n<td width=\"42\">\n<p>15.<\/p>\n<\/td>\n<td width=\"194\">\n<p>23.06.2023 \/pt\/<\/p>\n<\/td>\n<td width=\"279\">\n<p>Podsumowanie i zako\u0144czenie roku szkolnego<\/p>\n<\/td>\n<\/tr>\n<\/tbody>\n<\/table>\n<p class=\"western\" align=\"center\"><em>\u00a0 \u00a0 \u00a0 \u00a0 \u00a0 \u00a0 \u00a0 \u00a0 \u00a0 \u00a0 \u00a0 \u00a0 \u00a0 \u00a0 \u00a0 \u00a0 \u00a0 \u00a0 \u00a0 \u00a0 \u00a0 \u00a0 \u00a0 \u00a0 \u00a0 \u00a0 \u00a0 \u00a0 \u00a0<\/em><\/p>\n<p style=\"text-align: center;\"><strong>KALENDARZ ROKU SZKOLNEGO<\/strong><\/p>\n<p style=\"text-align: center;\"><strong>2021\/2022<\/strong><\/p>\n<p style=\"text-align: center;\"><strong>\u00a0<\/strong><\/p>\n<table width=\"914\">\n<tbody>\n<tr>\n<td width=\"57\">\n<p><strong>1<\/strong><\/p>\n<\/td>\n<td colspan=\"3\" width=\"621\">\n<p><strong>ROZPOCZ\u0118CIE ROKU SZKOLNEGO\u00a0\u00a0\u00a0\u00a0\u00a0\u00a0\u00a0\u00a0\u00a0\u00a0\u00a0\u00a0\u00a0 01.09.2021 r. <\/strong><\/p>\n<\/td>\n<td width=\"236\">\n<p>\u00a0<\/p>\n<\/td>\n<\/tr>\n<tr>\n<td colspan=\"4\" width=\"678\">\n<p><strong>\u00a0<\/strong><\/p>\n<\/td>\n<td width=\"236\">\n<p>\u00a0<\/p>\n<\/td>\n<\/tr>\n<tr>\n<td width=\"57\">\n<p><strong>2<\/strong><\/p>\n<\/td>\n<td colspan=\"3\" width=\"621\">\n<p><strong>ORGANIZACJA ROKU SZKOLNEGO<\/strong><\/p>\n<\/td>\n<td width=\"236\">\n<p>\u00a0<\/p>\n<\/td>\n<\/tr>\n<tr>\n<td colspan=\"3\" width=\"442\">\n<p><strong>\u00a0\u00a0\u00a0\u00a0\u00a0\u00a0\u00a0 \u00a0\u00a0\u00a0\u00a0\u00a0\u00a0\u00a0\u00a0\u00a0\u00a0I SEMESTR\u00a0\u00a0\u00a0\u00a0\u00a0\u00a0\u00a0\u00a0\u00a0\u00a0 01.09.2022 \u2013 20.01.2023\u00a0<\/strong><\/p>\n<\/td>\n<td width=\"236\">\n<p><strong>21 tygodnie<\/strong><\/p>\n<\/td>\n<td width=\"236\">\n<p>\u00a0<\/p>\n<\/td>\n<\/tr>\n<tr>\n<td colspan=\"2\" width=\"206\">\n<p>\u00a0\u00a0\u00a0\u00a0\u00a0\u00a0\u00a0\u00a0\u00a0\u00a0\u00a0\u00a0\u00a0\u00a0\u00a0\u00a0\u00a0\u00a0\u00a0\u00a0\u00a0\u00a0\u00a0\u00a0 \u015bwi\u0119ta<\/p>\n<\/td>\n<td width=\"236\">\n<p>\u00a0 \u00a0 23.12.2022 &#8211; 31.12.2022\u00a0<\/p>\n<\/td>\n<td width=\"236\">\n<p><strong>\u00a0<\/strong><\/p>\n<\/td>\n<td width=\"236\">\n<p>\u00a0<\/p>\n<\/td>\n<\/tr>\n<tr>\n<td colspan=\"2\" width=\"206\">\n<p>\u00a0\u00a0\u00a0\u00a0\u00a0\u00a0\u00a0\u00a0\u00a0\u00a0\u00a0\u00a0\u00a0 ferie zimowe<\/p>\n<\/td>\n<td width=\"236\">\n<p>\u00a0 \u00a0 30.01.2023 \u2013 12.02.2023\u00a0<\/p>\n<\/td>\n<td width=\"236\">\n<p><strong>\u00a0<\/strong><\/p>\n<\/td>\n<td width=\"236\">\n<p>\u00a0<\/p>\n<\/td>\n<\/tr>\n<tr>\n<td colspan=\"3\" width=\"442\">\n<p><strong>\u00a0\u00a0\u00a0\u00a0\u00a0\u00a0\u00a0\u00a0\u00a0\u00a0\u00a0\u00a0\u00a0\u00a0\u00a0\u00a0 II SEMESTR\u00a0 \u00a0 \u00a0 \u00a0 \u00a0 23.01.2023 &#8211; 23.06.2023\u00a0<\/strong><\/p>\n<\/td>\n<td width=\"236\">\n<p><strong>22 tygodnie<\/strong><\/p>\n<\/td>\n<td width=\"236\">\n<p>\u00a0<\/p>\n<\/td>\n<\/tr>\n<tr>\n<td colspan=\"2\" width=\"206\">\n<p>\u00a0\u00a0\u00a0\u00a0\u00a0\u00a0\u00a0\u00a0\u00a0\u00a0\u00a0\u00a0\u00a0\u00a0\u00a0\u00a0\u00a0\u00a0\u00a0\u00a0\u00a0\u00a0\u00a0 \u015bwi\u0119ta<\/p>\n<\/td>\n<td width=\"236\">\n<p>\u00a0 \u00a006.04.2023 \u2013 11.04.2023<\/p>\n<\/td>\n<td width=\"236\">\n<p>\u00a0<\/p>\n<\/td>\n<td width=\"236\">\n<p><strong>\u00a0<\/strong><\/p>\n<\/td>\n<\/tr>\n<tr>\n<td width=\"57\">\n<p><strong>3<\/strong><\/p>\n<\/td>\n<td colspan=\"3\" width=\"621\">\n<p><strong>INNE PRZERWY W NAUCE:<\/strong><\/p>\n<\/td>\n<td width=\"236\">\n<p>\u00a0<\/p>\n<\/td>\n<\/tr>\n<tr>\n<td colspan=\"2\" width=\"206\">\n<p>\u015awi\u0119to Trzech Kr\u00f3li<\/p>\n<\/td>\n<td colspan=\"2\" width=\"473\">\n<p><strong>6.01.2023\u00a0<\/strong><\/p>\n<\/td>\n<td width=\"236\">\n<p>\u00a0<\/p>\n<\/td>\n<\/tr>\n<tr>\n<td colspan=\"2\" width=\"206\">\n<p>3 maja<\/p>\n<\/td>\n<td colspan=\"2\" width=\"473\">\n<p><strong>1.05.2023 \/pn\/ i 2.05.2023 \/wt\/ i 3.05.2023 \/\u015br\/ <\/strong><\/p>\n<\/td>\n<td width=\"236\">\n<p>\u00a0<\/p>\n<\/td>\n<\/tr>\n<tr>\n<td colspan=\"2\" width=\"206\">\n<p>wycieczka szkolna<\/p>\n<\/td>\n<td colspan=\"2\" width=\"473\">\n<p><strong>20.06.2023 \/wt\/<\/strong><\/p>\n<\/td>\n<td width=\"236\">\n<p>\u00a0<\/p>\n<\/td>\n<\/tr>\n<tr>\n<td colspan=\"2\" width=\"206\">\n<p>Bo\u017ce Cia\u0142o<\/p>\n<\/td>\n<td colspan=\"2\" width=\"473\">\n<p><strong>8.06.2023 \/czw\/ i 9.06.2023 \/pt\/<\/strong><\/p>\n<\/td>\n<td width=\"236\">\n<p>\u00a0<\/p>\n<\/td>\n<\/tr>\n<tr>\n<td colspan=\"2\" width=\"206\">\n<p>Egzamin \u00f3smoklasisty<\/p>\n<\/td>\n<td colspan=\"2\" width=\"473\">\n<p><strong>Koniec maja 2022 (3 dni)\u00a0<\/strong><\/p>\n<\/td>\n<td width=\"236\">\n<p>\u00a0<\/p>\n<\/td>\n<\/tr>\n<tr>\n<td colspan=\"2\" width=\"206\">\n<p>\u015awi\u0119to Niepodleg\u0142o\u015bci<\/p>\n<\/td>\n<td colspan=\"2\" width=\"473\">\n<p><strong>11.11.2022 \/pt\/<\/strong><\/p>\n<\/td>\n<td width=\"236\">\n<p>\u00a0<\/p>\n<\/td>\n<\/tr>\n<tr>\n<td width=\"57\">\n<p><strong>4<\/strong><\/p>\n<\/td>\n<td colspan=\"3\" width=\"621\">\n<p><strong>KONIEC ROKU SZKOLNEGO\u00a0\u00a0\u00a0\u00a0\u00a0\u00a0\u00a0\u00a0\u00a0\u00a0\u00a0\u00a0\u00a0\u00a0\u00a0\u00a0\u00a0\u00a0\u00a0\u00a0\u00a0\u00a0 23.06.2023<\/strong><\/p>\n<\/td>\n<td width=\"236\">\n<p>\u00a0<\/p>\n<\/td>\n<\/tr>\n<tr>\n<td colspan=\"4\" width=\"678\">\n<p><strong>\u00a0<\/strong><\/p>\n<\/td>\n<td width=\"236\">\n<p>\u00a0<\/p>\n<\/td>\n<\/tr>\n<tr>\n<td width=\"57\">\n<p><strong>5<\/strong><\/p>\n<\/td>\n<td colspan=\"3\" width=\"621\">\n<p><strong>KONFERENCJE RADY PEDAGOGICZNEJ:<\/strong><\/p>\n<\/td>\n<td width=\"236\">\n<p>\u00a0<\/p>\n<\/td>\n<\/tr>\n<tr>\n<td colspan=\"2\" width=\"206\">\n<p>29.08.2022<\/p>\n<\/td>\n<td colspan=\"2\" width=\"473\">\n<p>\u00a0\u00a0\u00a0\u00a0\u00a0\u00a0\u00a0\u00a0\u00a0\u00a0 &#8211; konferencja inauguracyjna<\/p>\n<\/td>\n<td width=\"236\">\n<p>\u00a0<\/p>\n<\/td>\n<\/tr>\n<tr>\n<td colspan=\"2\" width=\"206\">\n<p>20.09.2022<\/p>\n<\/td>\n<td colspan=\"2\" width=\"473\">\n<p>\u00a0\u00a0\u00a0\u00a0\u00a0\u00a0\u00a0\u00a0\u00a0\u00a0 &#8211; szkolenie RP, przyj\u0119cie podstawowych dokument\u00f3w<\/p>\n<\/td>\n<td width=\"236\">\n<p>\u00a0<\/p>\n<\/td>\n<\/tr>\n<tr>\n<td colspan=\"2\" width=\"206\">\n<p>18.11.2022\u00a0<\/p>\n<\/td>\n<td colspan=\"2\" width=\"473\">\n<p>\u00a0\u00a0\u00a0\u00a0\u00a0\u00a0\u00a0\u00a0\u00a0 &#8211; trudno\u015bci w nauce<\/p>\n<\/td>\n<td width=\"236\">\n<p>\u00a0<\/p>\n<\/td>\n<\/tr>\n<tr>\n<td colspan=\"2\" width=\"206\">\n<p>18.01.2023\u00a0<\/p>\n<\/td>\n<td colspan=\"2\" width=\"473\">\n<p>\u00a0\u00a0\u00a0\u00a0\u00a0\u00a0\u00a0\u00a0\u00a0\u00a0 &#8211; klasyfikacja p\u00f3\u0142roczna<\/p>\n<\/td>\n<td width=\"236\">\n<p>\u00a0<\/p>\n<\/td>\n<\/tr>\n<tr>\n<td colspan=\"2\" width=\"206\">\n<p>04.2022\u00a0<\/p>\n<\/td>\n<td colspan=\"2\" width=\"473\">\n<p>\u00a0\u00a0\u00a0\u00a0\u00a0\u00a0\u00a0\u00a0\u00a0\u00a0 &#8211; konferencja szkoleniowa<\/p>\n<\/td>\n<td width=\"236\">\n<p>\u00a0<\/p>\n<\/td>\n<\/tr>\n<tr>\n<td colspan=\"2\" width=\"206\">\n<p>14.06.2023<\/p>\n<\/td>\n<td colspan=\"2\" width=\"473\">\n<p>\u00a0\u00a0\u00a0\u00a0\u00a0\u00a0\u00a0\u00a0\u00a0\u00a0 &#8211; klasyfikacja<\/p>\n<\/td>\n<td width=\"236\">\n<p>\u00a0<\/p>\n<\/td>\n<\/tr>\n<tr>\n<td colspan=\"2\" width=\"206\">\n<p>28.06.2023<\/p>\n<\/td>\n<td colspan=\"2\" width=\"473\">\n<p>\u00a0\u00a0\u00a0\u00a0\u00a0\u00a0\u00a0\u00a0\u00a0\u00a0 &#8211; konferencja podsumowuj\u0105ca<\/p>\n<\/td>\n<td width=\"236\">\n<p>\u00a0<\/p>\n<\/td>\n<\/tr>\n<tr>\n<td width=\"57\">\n<p><strong>6<\/strong><\/p>\n<\/td>\n<td colspan=\"3\" width=\"621\">\n<p><strong>SPOTKANIA Z RODZICAMI:<\/strong><\/p>\n<\/td>\n<td width=\"236\">\n<p>\u00a0<\/p>\n<\/td>\n<\/tr>\n<tr>\n<td colspan=\"2\" width=\"206\">\n<p>13.09.2023 \/wt\/<\/p>\n<\/td>\n<td colspan=\"2\" width=\"473\">\n<p>\u00a0\u00a0\u00a0\u00a0\u00a0\u00a0\u00a0\u00a0\u00a0\u00a0\u00a0 &#8211;\u00a0 zebranie rodzic\u00f3w<\/p>\n<\/td>\n<td width=\"236\">\n<p>\u00a0<\/p>\n<\/td>\n<\/tr>\n<tr>\n<td colspan=\"2\" width=\"206\">\n<p>18.11.2023 \/pt\/<\/p>\n<\/td>\n<td colspan=\"2\" width=\"473\">\n<p>\u00a0\u00a0\u00a0\u00a0\u00a0\u00a0\u00a0\u00a0\u00a0\u00a0\u00a0 &#8211; wywiad\u00f3wka og\u00f3lnoszkolna<\/p>\n<\/td>\n<td width=\"236\">\n<p>\u00a0<\/p>\n<\/td>\n<\/tr>\n<tr>\n<td colspan=\"2\" width=\"206\">\n<p>19.01.2023 \/\u015br\/<\/p>\n<\/td>\n<td colspan=\"2\" width=\"473\">\n<p>\u00a0\u00a0\u00a0\u00a0\u00a0\u00a0\u00a0\u00a0\u00a0\u00a0\u00a0 &#8211;\u00a0\u00a0\u00a0\u00a0\u00a0\u00a0\u00a0\u00a0\u00a0\u00a0\u00a0\u00a0\u00a0\u00a0\u00a0\u00a0 &#8212;\/\/&#8212;<\/p>\n<\/td>\n<td width=\"236\">\n<p>\u00a0<\/p>\n<\/td>\n<\/tr>\n<tr>\n<td colspan=\"2\" width=\"206\">\n<p>24.04.2023 \/pn\/<\/p>\n<\/td>\n<td colspan=\"2\" width=\"473\">\n<p>\u00a0\u00a0\u00a0\u00a0\u00a0\u00a0\u00a0\u00a0\u00a0\u00a0\u00a0 &#8211; wywiad\u00f3wki klasowe<\/p>\n<\/td>\n<td width=\"236\">\n<p>\u00a0<\/p>\n<\/td>\n<\/tr>\n<tr>\n<td colspan=\"2\" width=\"206\">\n<p>09.12.2022 \/pt\/<\/p>\n<\/td>\n<td colspan=\"2\" width=\"473\">\n<p>\u00a0\u00a0\u00a0\u00a0\u00a0\u00a0\u00a0\u00a0\u00a0\u00a0\u00a0 &#8211; spotkanie z rodzicami dzieci zagro\u017conych<\/p>\n<\/td>\n<td width=\"236\">\n<p>\u00a0<\/p>\n<\/td>\n<\/tr>\n<tr>\n<td colspan=\"2\" width=\"206\">\n<p>9.05.2023 \/wt\/<\/p>\n<\/td>\n<td colspan=\"2\" width=\"473\">\n<p>\u00a0\u00a0\u00a0\u00a0\u00a0\u00a0\u00a0\u00a0\u00a0\u00a0\u00a0 &#8211;\u00a0\u00a0\u00a0\u00a0\u00a0\u00a0\u00a0\u00a0\u00a0\u00a0\u00a0\u00a0\u00a0\u00a0\u00a0\u00a0\u00a0\u00a0\u00a0\u00a0\u00a0\u00a0\u00a0\u00a0\u00a0 &#8212;\/\/&#8212;<\/p>\n<\/td>\n<td width=\"236\">\n<p>\u00a0<\/p>\n<\/td>\n<\/tr>\n<tr>\n<td width=\"57\">\n<p><strong>7<\/strong><\/p>\n<\/td>\n<td colspan=\"3\" width=\"621\">\n<p><strong>IMPREZY SZKOLNE<\/strong><\/p>\n<\/td>\n<td width=\"236\">\n<p>\u00a0<\/p>\n<\/td>\n<\/tr>\n<tr>\n<td colspan=\"2\" width=\"206\">\n<p>\u201eSprz\u0105tanie \u015awiata\u201d<\/p>\n<\/td>\n<td width=\"236\">\n<p>Wrzesie\u0144 2022<\/p>\n<\/td>\n<td width=\"236\">\u00a0<\/td>\n<td width=\"236\">\n<p>\u00a0<\/p>\n<\/td>\n<\/tr>\n<tr>\n<td colspan=\"2\" width=\"206\">\n<p>Rajd po Jesienny Li\u015b\u0107<\/p>\n<\/td>\n<td width=\"236\">\n<p>Wrzesie\u0144 2022<\/p>\n<\/td>\n<td width=\"236\">\u00a0<\/td>\n<td width=\"236\">\n<p>\u00a0<\/p>\n<\/td>\n<\/tr>\n<tr>\n<td colspan=\"2\" width=\"206\">\n<p>\u015alubowanie kl. I<\/p>\n<\/td>\n<td width=\"236\">\n<p>26.10.2022 \/\u015br\/<\/p>\n<\/td>\n<td width=\"236\">\u00a0<\/td>\n<td width=\"236\">\n<p>\u00a0<\/p>\n<\/td>\n<\/tr>\n<tr>\n<td colspan=\"2\" width=\"206\">\n<p>Dzie\u0144 Babci i Dziadka<\/p>\n<\/td>\n<td width=\"236\">\n<p>20.01.2023 \/pt\/<\/p>\n<\/td>\n<td width=\"236\">\u00a0<\/td>\n<td width=\"236\">\n<p>\u00a0<\/p>\n<\/td>\n<\/tr>\n<tr>\n<td colspan=\"2\" width=\"206\">\n<p>Powitanie Wiosny<\/p>\n<\/td>\n<td width=\"236\">\n<p>21.03.2023 \/wt\/<\/p>\n<\/td>\n<td width=\"236\">\u00a0<\/td>\n<td width=\"236\">\n<p>\u00a0<\/p>\n<\/td>\n<\/tr>\n<tr>\n<td colspan=\"2\" width=\"206\">\n<p>Dzie\u0144 Europejski<\/p>\n<\/td>\n<td width=\"236\">\n<p>9.05.2023 \/wt\/<\/p>\n<\/td>\n<td width=\"236\">\u00a0<\/td>\n<td width=\"236\">\n<p>\u00a0<\/p>\n<\/td>\n<\/tr>\n<tr>\n<td colspan=\"3\" width=\"442\">\n<p><strong>DNI \u015aWI\u0118TA SZKO\u0141Y<\/strong><\/p>\n<\/td>\n<td width=\"236\">\n<p>\u00a0<\/p>\n<\/td>\n<td width=\"236\">\n<p>\u00a0<\/p>\n<\/td>\n<\/tr>\n<tr>\n<td colspan=\"2\" width=\"206\">\n<p>Dzie\u0144 Matki<\/p>\n<\/td>\n<td width=\"236\">\n<p>26.05.2023 \/pt\/<\/p>\n<\/td>\n<td width=\"236\">\u00a0<\/td>\n<td width=\"236\">\n<p>\u00a0<\/p>\n<\/td>\n<\/tr>\n<tr>\n<td colspan=\"2\" width=\"206\">\n<p>Dzie\u0144 Patrona<\/p>\n<\/td>\n<td width=\"236\">\n<p>27.10.2023 \/czw\/<\/p>\n<\/td>\n<td width=\"236\">\u00a0<\/td>\n<td width=\"236\">\n<p>\u00a0<\/p>\n<\/td>\n<\/tr>\n<tr>\n<td colspan=\"2\" width=\"206\">\n<p>Dzie\u0144 Dziecka<\/p>\n<\/td>\n<td width=\"236\">\n<p>01.06.2023 \/czw\/<\/p>\n<\/td>\n<td width=\"236\">\u00a0<\/td>\n<td width=\"236\">\n<p>\u00a0<\/p>\n<\/td>\n<\/tr>\n<tr>\n<td colspan=\"4\" width=\"678\">\n<p><strong>\u00a0<\/strong><\/p>\n<\/td>\n<td width=\"236\">\n<p>\u00a0<\/p>\n<\/td>\n<\/tr>\n<tr>\n<td width=\"71\">\u00a0<\/td>\n<td width=\"186\">\u00a0<\/td>\n<td width=\"295\">\u00a0<\/td>\n<td width=\"295\">\u00a0<\/td>\n<td width=\"295\">\u00a0<\/td>\n<\/tr>\n<\/tbody>\n<\/table>\n<p>\u00a0<\/p>\n<p>\u00a0<\/p>\n<p>\u00a0<\/p>\n<p class=\"western\">\u00a0<\/p>\n<p style=\"text-align: center;\"><strong>\u00a0<\/strong><\/p>\n<p>\u00a0<\/p>\n<p>\u00a0<\/p>\n","protected":false},"excerpt":{"rendered":"<p>HARMONOGRAM AKADEMII I APELI SZKOLNYCH W SZKOLE PODSTAWOWEJ IM. ROMANA JAB\u0141O\u0143SKIEGO W \u0141\u0118KAWICY w roku szkolnym 2022\/2023 \u00a0\u00a0 Lp. Data [&hellip;]<\/p>\n","protected":false},"author":1,"featured_media":0,"comment_status":"open","ping_status":"open","sticky":false,"template":"","format":"standard","meta":{"_uag_custom_page_level_css":"","footnotes":""},"categories":[1],"tags":[],"class_list":["post-40","post","type-post","status-publish","format-standard","hentry","category-o-szkole"],"uagb_featured_image_src":{"full":false,"thumbnail":false,"medium":false,"medium_large":false,"large":false,"1536x1536":false,"2048x2048":false,"bizberg_medium":false,"bizberg_gallery":false,"bizberg_blog_list":false,"bizberg_detail_image":false,"bizberg_detail_image_no_sidebar":false,"bizberg_portfolio_homepage":false,"bizberg_blog_list_no_sidebar_1":false},"uagb_author_info":{"display_name":"admin","author_link":"https:\/\/www.splekawica.pl\/index.php\/author\/admin\/"},"uagb_comment_info":0,"uagb_excerpt":"HARMONOGRAM AKADEMII I APELI SZKOLNYCH W SZKOLE PODSTAWOWEJ IM. ROMANA JAB\u0141O\u0143SKIEGO W \u0141\u0118KAWICY w roku szkolnym 2022\/2023 \u00a0\u00a0 Lp. Data [&hellip;]","_links":{"self":[{"href":"https:\/\/www.splekawica.pl\/index.php\/wp-json\/wp\/v2\/posts\/40","targetHints":{"allow":["GET"]}}],"collection":[{"href":"https:\/\/www.splekawica.pl\/index.php\/wp-json\/wp\/v2\/posts"}],"about":[{"href":"https:\/\/www.splekawica.pl\/index.php\/wp-json\/wp\/v2\/types\/post"}],"author":[{"embeddable":true,"href":"https:\/\/www.splekawica.pl\/index.php\/wp-json\/wp\/v2\/users\/1"}],"replies":[{"embeddable":true,"href":"https:\/\/www.splekawica.pl\/index.php\/wp-json\/wp\/v2\/comments?post=40"}],"version-history":[{"count":0,"href":"https:\/\/www.splekawica.pl\/index.php\/wp-json\/wp\/v2\/posts\/40\/revisions"}],"wp:attachment":[{"href":"https:\/\/www.splekawica.pl\/index.php\/wp-json\/wp\/v2\/media?parent=40"}],"wp:term":[{"taxonomy":"category","embeddable":true,"href":"https:\/\/www.splekawica.pl\/index.php\/wp-json\/wp\/v2\/categories?post=40"},{"taxonomy":"post_tag","embeddable":true,"href":"https:\/\/www.splekawica.pl\/index.php\/wp-json\/wp\/v2\/tags?post=40"}],"curies":[{"name":"wp","href":"https:\/\/api.w.org\/{rel}","templated":true}]}}