{"id":43,"date":"2018-11-12T15:47:24","date_gmt":"2018-11-12T15:47:24","guid":{"rendered":"http:\/\/www.splekawica.pl\/index.php\/2018\/11\/12\/patron\/"},"modified":"2018-11-12T15:47:24","modified_gmt":"2018-11-12T15:47:24","slug":"patron","status":"publish","type":"post","link":"https:\/\/www.splekawica.pl\/index.php\/2018\/11\/12\/patron\/","title":{"rendered":"Patron"},"content":{"rendered":"<div style=\"text-align: left; padding-left: 30px;\" align=\"center\">\u00a0Roman Jab\u0142o\u0144ski urodzi\u0142 si\u0119 28.10.1893 r. w Kleczy G\u00f3rnej. Po uko\u0144czeniu Gimnazjum \u015bw. Anny w Krakowie, uczestnik walk o odzyskanie niepodleg\u0142o\u015bci, \u017co\u0142nierz II brygady. W roku 1920 rozpoczyna prace w szkole w Bukowcu na stanowisku kierownika szko\u0142y. W 1934 przenosi si\u0119 do \u0141\u0119kawicy gdzie do wybuchu wojny pe\u0142ni funkcje kierownika szko\u0142y. Inicjator budowy Szko\u0142y Powszechnej w \u0141\u0119kawicy. Aktywny uczestnik Ruchu Oporu, zgin\u0105\u0142 rozstrzelany pod \u015bcian\u0105 \u015bmierci w O\u015bwi\u0119cimiu\u00a0dnia 29 czerwca 1941 r.<\/div>\n<div style=\"padding-left: 30px; text-align: center;\" align=\"center\">Roman Jab\u0142o\u0144ski<\/div>\n<div style=\"padding-left: 30px; text-align: center;\" align=\"center\">\u00a0\u00a0<img loading=\"lazy\" decoding=\"async\" class=\"pull-center size-full wp-image-41\" src=\"https:\/\/www.splekawica.pl\/wp-content\/uploads\/2018\/11\/jablonski.jpg\" alt=\"\" width=\"198\" height=\"255\" \/>\u00a0<\/div>\n<div style=\"padding-left: 30px; text-align: center;\" align=\"center\"><img loading=\"lazy\" decoding=\"async\" class=\"pull-center size-full wp-image-42\" src=\"https:\/\/www.splekawica.pl\/wp-content\/uploads\/2018\/11\/jablonski_folder.jpg\" alt=\"\" width=\"340\" height=\"704\" srcset=\"https:\/\/www.splekawica.pl\/wp-content\/uploads\/2018\/11\/jablonski_folder.jpg 340w, https:\/\/www.splekawica.pl\/wp-content\/uploads\/2018\/11\/jablonski_folder-145x300.jpg 145w\" sizes=\"auto, (max-width: 340px) 100vw, 340px\" \/><\/div>\n<div style=\"padding-left: 30px; text-align: center;\" align=\"center\"><img loading=\"lazy\" decoding=\"async\" class=\" size-full wp-image-42\" src=\"https:\/\/www.splekawica.pl\/wp-content\/uploads\/2018\/11\/jablonski_folder.jpg\" alt=\"\" width=\"340\" height=\"704\" srcset=\"https:\/\/www.splekawica.pl\/wp-content\/uploads\/2018\/11\/jablonski_folder.jpg 340w, https:\/\/www.splekawica.pl\/wp-content\/uploads\/2018\/11\/jablonski_folder-145x300.jpg 145w\" sizes=\"auto, (max-width: 340px) 100vw, 340px\" \/><\/div>\n","protected":false},"excerpt":{"rendered":"<p>\u00a0Roman Jab\u0142o\u0144ski urodzi\u0142 si\u0119 28.10.1893 r. w Kleczy G\u00f3rnej. Po uko\u0144czeniu Gimnazjum \u015bw. Anny w Krakowie, uczestnik walk o odzyskanie [&hellip;]<\/p>\n","protected":false},"author":1,"featured_media":41,"comment_status":"open","ping_status":"open","sticky":false,"template":"","format":"standard","meta":{"_uag_custom_page_level_css":"","footnotes":""},"categories":[1],"tags":[],"class_list":["post-43","post","type-post","status-publish","format-standard","has-post-thumbnail","hentry","category-o-szkole"],"uagb_featured_image_src":{"full":["https:\/\/www.splekawica.pl\/wp-content\/uploads\/2018\/11\/jablonski.jpg",198,255,false],"thumbnail":["https:\/\/www.splekawica.pl\/wp-content\/uploads\/2018\/11\/jablonski-150x150.jpg",150,150,true],"medium":["https:\/\/www.splekawica.pl\/wp-content\/uploads\/2018\/11\/jablonski.jpg",198,255,false],"medium_large":["https:\/\/www.splekawica.pl\/wp-content\/uploads\/2018\/11\/jablonski.jpg",198,255,false],"large":["https:\/\/www.splekawica.pl\/wp-content\/uploads\/2018\/11\/jablonski.jpg",198,255,false],"1536x1536":["https:\/\/www.splekawica.pl\/wp-content\/uploads\/2018\/11\/jablonski.jpg",198,255,false],"2048x2048":["https:\/\/www.splekawica.pl\/wp-content\/uploads\/2018\/11\/jablonski.jpg",198,255,false],"bizberg_medium":["https:\/\/www.splekawica.pl\/wp-content\/uploads\/2018\/11\/jablonski.jpg",198,255,false],"bizberg_gallery":["https:\/\/www.splekawica.pl\/wp-content\/uploads\/2018\/11\/jablonski.jpg",198,255,false],"bizberg_blog_list":["https:\/\/www.splekawica.pl\/wp-content\/uploads\/2018\/11\/jablonski-198x240.jpg",198,240,true],"bizberg_detail_image":["https:\/\/www.splekawica.pl\/wp-content\/uploads\/2018\/11\/jablonski.jpg",198,255,false],"bizberg_detail_image_no_sidebar":["https:\/\/www.splekawica.pl\/wp-content\/uploads\/2018\/11\/jablonski.jpg",198,255,false],"bizberg_portfolio_homepage":["https:\/\/www.splekawica.pl\/wp-content\/uploads\/2018\/11\/jablonski.jpg",198,255,false],"bizberg_blog_list_no_sidebar_1":["https:\/\/www.splekawica.pl\/wp-content\/uploads\/2018\/11\/jablonski-198x190.jpg",198,190,true]},"uagb_author_info":{"display_name":"admin","author_link":"https:\/\/www.splekawica.pl\/index.php\/author\/admin\/"},"uagb_comment_info":8,"uagb_excerpt":"\u00a0Roman Jab\u0142o\u0144ski urodzi\u0142 si\u0119 28.10.1893 r. w Kleczy G\u00f3rnej. Po uko\u0144czeniu Gimnazjum \u015bw. Anny w Krakowie, uczestnik walk o odzyskanie [&hellip;]","_links":{"self":[{"href":"https:\/\/www.splekawica.pl\/index.php\/wp-json\/wp\/v2\/posts\/43","targetHints":{"allow":["GET"]}}],"collection":[{"href":"https:\/\/www.splekawica.pl\/index.php\/wp-json\/wp\/v2\/posts"}],"about":[{"href":"https:\/\/www.splekawica.pl\/index.php\/wp-json\/wp\/v2\/types\/post"}],"author":[{"embeddable":true,"href":"https:\/\/www.splekawica.pl\/index.php\/wp-json\/wp\/v2\/users\/1"}],"replies":[{"embeddable":true,"href":"https:\/\/www.splekawica.pl\/index.php\/wp-json\/wp\/v2\/comments?post=43"}],"version-history":[{"count":1,"href":"https:\/\/www.splekawica.pl\/index.php\/wp-json\/wp\/v2\/posts\/43\/revisions"}],"predecessor-version":[{"id":976,"href":"https:\/\/www.splekawica.pl\/index.php\/wp-json\/wp\/v2\/posts\/43\/revisions\/976"}],"wp:featuredmedia":[{"embeddable":true,"href":"https:\/\/www.splekawica.pl\/index.php\/wp-json\/wp\/v2\/media\/41"}],"wp:attachment":[{"href":"https:\/\/www.splekawica.pl\/index.php\/wp-json\/wp\/v2\/media?parent=43"}],"wp:term":[{"taxonomy":"category","embeddable":true,"href":"https:\/\/www.splekawica.pl\/index.php\/wp-json\/wp\/v2\/categories?post=43"},{"taxonomy":"post_tag","embeddable":true,"href":"https:\/\/www.splekawica.pl\/index.php\/wp-json\/wp\/v2\/tags?post=43"}],"curies":[{"name":"wp","href":"https:\/\/api.w.org\/{rel}","templated":true}]}}