{"id":44,"date":"2018-11-12T15:48:17","date_gmt":"2018-11-12T15:48:17","guid":{"rendered":"http:\/\/www.splekawica.pl\/index.php\/2018\/11\/12\/misja-i-wizja\/"},"modified":"2018-11-12T15:48:17","modified_gmt":"2018-11-12T15:48:17","slug":"misja-i-wizja","status":"publish","type":"post","link":"https:\/\/www.splekawica.pl\/index.php\/2018\/11\/12\/misja-i-wizja\/","title":{"rendered":"Misja i wizja"},"content":{"rendered":"<p style=\"text-align: center;\"><strong>MISJA SZKO\u0141Y PODSTAWOWEJ IM. ROMANA JAB\u0141O\u0143SKIEGO W \u0141\u0118KAWICY\u00a0<\/strong><\/p>\n<p style=\"text-align: center;\">\u00a0<\/p>\n<p>Najwy\u017cszym dobrem\u00a0 jest UCZE\u0143, kt\u00f3ry w atmosferze i przy wzajemnej akceptacji zwi\u0119ksza swoje szanse na osi\u0105gni\u0119cie sukces\u00f3w w przebiegu kariery szkolnej.<\/p>\n<p>Rozwijamy poczucie dumy narodowej, szacunek do symboli narodowych, pokazujemy wielkie wydarzenia historyczne Polski ale tez role Polak\u00f3w w historii \u015bwiata.<\/p>\n<p>Przygotowujemy do aktywnego i \u015bwiadomego funkcjonowania we wsp\u00f3\u0142czesnym \u015bwiecie, kieruj\u0105c si\u0119 uniwersalnymi warto\u015bciami, takimi jak: dobro, mi\u0142o\u015b\u0107, uczciwo\u015b\u0107, odpowiedzialno\u015b\u0107.<\/p>\n<p>Uczymy pracy w zespole i rozwijamy aktywno\u015b\u0107 spo\u0142eczn\u0105 poprzez udzia\u0142 w wolontariacie.<\/p>\n<p>Spe\u0142niaj\u0105c oczekiwania \u015brodowiska, kszta\u0142cimy w duchu uniwersalnych warto\u015bci absolwenta kreatywnego i przedsi\u0119biorczego, aby m\u00f3g\u0142 aktywnie, \u015bwiadomie i pi\u0119knie \u017cy\u0107 we wsp\u00f3\u0142czesnym \u015bwiecie.<\/p>\n<p>Organizujemy nauczanie i wychowanie zgodnie z duchem czasu w celu dobrego przygotowania m\u0142odego cz\u0142owieka do samodzielnego funkcjonowania we wsp\u00f3\u0142czesnej rzeczywisto\u015bci.<\/p>\n<p>Naszym przes\u0142aniem jest wykreowanie absolwenta o wszechstronnie wykszta\u0142conej osobowo\u015bci i umiej\u0119tno\u015bciach takich, kt\u00f3re zapewniaj\u0105 mu odpowiednie miejsce w otaczaj\u0105cej rzeczywisto\u015bci.<\/p>\n<p style=\"text-align: center;\"><strong>WIZJA SZKO\u0141Y PODSTAWOWEJ W \u0141\u0118KAWICY<\/strong><\/p>\n<p>Wizj\u0105 naszej szko\u0142y jest koncepcja \u201eorganizacji ucz\u0105cej si\u0119\u201d<\/p>\n<p>Idealnym absolwentem nasze szko\u0142y jest ucze\u0144 przygotowany do dalszej nauki na kolejnym etapie edukacyjnym oraz do \u017cycia we wsp\u00f3\u0142czesnym \u015bwiecie. Ma to by\u0107 cz\u0142owiek samodzielny aktywny, zaradny , otwarty, odpowiedzialny, ciekawy \u015bwiata, krytyczny, rozwa\u017cny, dostrzegaj\u0105cy drugiego cz\u0142owieka \u2013 spo\u0142ecznik, patriota znaj\u0105cy histori\u0119 swojego narodu oraz kultywuj\u0105cy jego osi\u0105gni\u0119cia.<\/p>\n<p>Kadra pedagogiczna jest otwarta na wyzwania, stale si\u0119 dokszta\u0142caj\u0105c\u0105, podejmuj\u0105ca tw\u00f3rcze dzia\u0142ania z dzie\u0107mi, obdarzona zaufaniem rodzic\u00f3w, kt\u00f3rzy aktywnie w\u0142\u0105czaj\u0105 si\u0119 do prac na rzecz dzieci i szko\u0142y. Nauczyciele dokonuj\u0105 refleksji i samoewaluacji, stosuj\u0105 r\u00f3\u017cnorodne formy i\u00a0 metody nauczania, nieustannie rozwijaj\u0105 si\u0119 indywidualnie oraz uczestnicz\u0105 w r\u00f3\u017cnych formach dzia\u0142ania zespo\u0142owego.<\/p>\n<p>Szko\u0142a jest miejscem bezpiecznym i przyjaznym, miejscem do kt\u00f3rego dzieci ucz\u0119szczaj\u0105 z rado\u015bci\u0105 i bez strachu i obaw.<\/p>\n<p>Jeste\u015bmy po to, aby wychowywa\u0107, uczy\u0107 i przygotowywa\u0107 do zdobywania wiedzy w doros\u0142ym \u017cyciu. Kierujemy si\u0119 wiedz\u0105, do\u015bwiadczeniem i intuicj\u0105 w d\u0105\u017ceniu do osi\u0105gni\u0119cia celu, kt\u00f3rym jest cz\u0142owiek aktywny, otwarty, samodzielny, potrafi\u0105cy odnale\u017a\u0107 si\u0119 w otaczaj\u0105cym \u015bwiecie.\u00a0<\/p>\n","protected":false},"excerpt":{"rendered":"<p>MISJA SZKO\u0141Y PODSTAWOWEJ IM. ROMANA JAB\u0141O\u0143SKIEGO W \u0141\u0118KAWICY\u00a0 \u00a0 Najwy\u017cszym dobrem\u00a0 jest UCZE\u0143, kt\u00f3ry w atmosferze i przy wzajemnej akceptacji [&hellip;]<\/p>\n","protected":false},"author":1,"featured_media":0,"comment_status":"open","ping_status":"open","sticky":false,"template":"","format":"standard","meta":{"_uag_custom_page_level_css":"","footnotes":""},"categories":[1],"tags":[],"class_list":["post-44","post","type-post","status-publish","format-standard","hentry","category-o-szkole"],"uagb_featured_image_src":{"full":false,"thumbnail":false,"medium":false,"medium_large":false,"large":false,"1536x1536":false,"2048x2048":false,"bizberg_medium":false,"bizberg_gallery":false,"bizberg_blog_list":false,"bizberg_detail_image":false,"bizberg_detail_image_no_sidebar":false,"bizberg_portfolio_homepage":false,"bizberg_blog_list_no_sidebar_1":false},"uagb_author_info":{"display_name":"admin","author_link":"https:\/\/www.splekawica.pl\/index.php\/author\/admin\/"},"uagb_comment_info":0,"uagb_excerpt":"MISJA SZKO\u0141Y PODSTAWOWEJ IM. ROMANA JAB\u0141O\u0143SKIEGO W \u0141\u0118KAWICY\u00a0 \u00a0 Najwy\u017cszym dobrem\u00a0 jest UCZE\u0143, kt\u00f3ry w atmosferze i przy wzajemnej akceptacji [&hellip;]","_links":{"self":[{"href":"https:\/\/www.splekawica.pl\/index.php\/wp-json\/wp\/v2\/posts\/44","targetHints":{"allow":["GET"]}}],"collection":[{"href":"https:\/\/www.splekawica.pl\/index.php\/wp-json\/wp\/v2\/posts"}],"about":[{"href":"https:\/\/www.splekawica.pl\/index.php\/wp-json\/wp\/v2\/types\/post"}],"author":[{"embeddable":true,"href":"https:\/\/www.splekawica.pl\/index.php\/wp-json\/wp\/v2\/users\/1"}],"replies":[{"embeddable":true,"href":"https:\/\/www.splekawica.pl\/index.php\/wp-json\/wp\/v2\/comments?post=44"}],"version-history":[{"count":0,"href":"https:\/\/www.splekawica.pl\/index.php\/wp-json\/wp\/v2\/posts\/44\/revisions"}],"wp:attachment":[{"href":"https:\/\/www.splekawica.pl\/index.php\/wp-json\/wp\/v2\/media?parent=44"}],"wp:term":[{"taxonomy":"category","embeddable":true,"href":"https:\/\/www.splekawica.pl\/index.php\/wp-json\/wp\/v2\/categories?post=44"},{"taxonomy":"post_tag","embeddable":true,"href":"https:\/\/www.splekawica.pl\/index.php\/wp-json\/wp\/v2\/tags?post=44"}],"curies":[{"name":"wp","href":"https:\/\/api.w.org\/{rel}","templated":true}]}}