{"id":703,"date":"2022-03-04T18:55:19","date_gmt":"2022-03-04T18:55:19","guid":{"rendered":"http:\/\/www.splekawica.pl\/index.php\/2022\/03\/04\/wnioski-o-przyjecie-do-oddzialow-przedszkolnych-i-do-klasy-i\/"},"modified":"2022-03-04T18:55:19","modified_gmt":"2022-03-04T18:55:19","slug":"wnioski-o-przyjecie-do-oddzialow-przedszkolnych-i-do-klasy-i","status":"publish","type":"post","link":"https:\/\/www.splekawica.pl\/index.php\/2022\/03\/04\/wnioski-o-przyjecie-do-oddzialow-przedszkolnych-i-do-klasy-i\/","title":{"rendered":"Wnioski o przyj\u0119cie do oddzia\u0142\u00f3w przedszkolnych i do klasy I"},"content":{"rendered":"<p>Dyrekcja Szko\u0142y Podstawowej im. Romana Jab\u0142o\u0144skiego w \u0141\u0119kawicy,<\/p>\n<p>informuje i\u017c <strong><span style=\"color: #ff0000;\">od 07.03 do 31.03.2022 r.<\/span> <br \/> <\/strong>w sekretariacie szko\u0142y oraz na stronie internetowej s\u0105 dost\u0119pne <br \/> <u>wnioski o przyj\u0119cie dzieci<\/u> do oddzia\u0142\u00f3w przedszkolnych i do klasy I na <strong>rok szkolny 2022\/2023.<\/strong><\/p>\n<p>\u00a0<\/p>\n<p><strong><u>REKRUTACJA DO ODDZIA\u0141U PRZEDSZKOLNEGO \u00a0I KL.I<\/u><br \/> \u00a0w SZKOLE PODSTAWOWEJ IM. ROMANA JAB\u0141O\u0143SKIEGO W \u0141\u0118KAWICY <\/strong><\/p>\n<p><strong>NA ROK SZKOLNY 2022\/2023<\/strong><\/p>\n<p>\u00a0<\/p>\n<p><strong>Zasady przyjmowania dzieci do przedszkola okre\u015bla<\/strong><\/p>\n<p><strong>1) \u00a0ustawa z 14 grudnia 2016 r. &#8211; Prawo o\u015bwiatowe (w rozdz. 6 w art. 130-131, 149-150, 152-161 znajduj\u0105 si\u0119 uregulowania obowi\u0105zuj\u0105ce rekrutacj\u0119 dzieci przedszkolnych).<\/strong><\/p>\n<p><strong>\u00a0<\/strong><\/p>\n<p><u>Harmonogram czynno\u015bci rekrutacyjnych<\/u> wraz z\u00a0terminami, a\u00a0tak\u017ce <u>kryteria<\/u> brane pod uwag\u0119 w\u00a0post\u0119powaniu rekrutacyjnym, <u>dokumenty<\/u> niezb\u0119dne do potwierdzenia tych kryteri\u00f3w i\u00a0<u>liczba punkt\u00f3w<\/u> mo\u017cliwych do uzyskania za poszczeg\u00f3lne kryteria przedstawiaj\u0105 si\u0119 nast\u0119puj\u0105co na podstawie zarz\u0105dzenia W\u00f3jta Gminy Strysz\u00f3w:<\/p>\n<p>\u00a0<\/p>\n<p><strong>TERMINY POST\u0118POWANIA REKRUTACYJNEGO<\/strong><\/p>\n<table border=\"2\" width=\"638\">\n<tbody>\n<tr>\n<td width=\"36\">\n<p><strong>Lp<\/strong><\/p>\n<p><strong>\u00a0<\/strong><\/p>\n<\/td>\n<td width=\"265\">\n<p><strong>Rodzaj czynno\u015bci<\/strong><\/p>\n<\/td>\n<td width=\"170\">\n<p><strong>Termin <br \/> w post\u0119powaniu rekrutacyjnym<\/strong><\/p>\n<\/td>\n<td width=\"168\">\n<p><strong>Termin <br \/> w post\u0119powaniu uzupe\u0142niaj\u0105cego<\/strong><\/p>\n<\/td>\n<\/tr>\n<tr>\n<td width=\"36\">\n<p>\u00a0<\/p>\n<p>1.<\/p>\n<\/td>\n<td width=\"265\">\n<p>Sk\u0142adanie wniosku wraz <br \/> z za\u0142\u0105cznikami<\/p>\n<p>\u00a0<\/p>\n<\/td>\n<td width=\"170\">\n<p><strong>\u00a0\u00a0\u00a0 od 07.03.2022 r.<\/strong><\/p>\n<p><strong>\u00a0\u00a0\u00a0 do 31.03.2022 r.<\/strong><\/p>\n<\/td>\n<td width=\"168\">\n<p><strong>\u00a0\u00a0\u00a0\u00a0 od 26.04.2022 r.<\/strong><\/p>\n<p><strong>\u00a0\u00a0\u00a0\u00a0 do 29.04.2022 r.<\/strong><\/p>\n<\/td>\n<\/tr>\n<tr>\n<td width=\"36\">\n<p>2.<\/p>\n<\/td>\n<td width=\"265\">\n<p>Weryfikacja przez komisj\u0119 rekrutacyjn\u0105 wniosk\u00f3w o przyj\u0119cie do przedszkola (oddz. przedszkolnego) <br \/> i dokument\u00f3w potwierdzaj\u0105cych spe\u0142nienie przez kandydata warunk\u00f3w lub kryteri\u00f3w branych pod uwag\u0119 w post\u0119powaniu rekrutacyjnym<\/p>\n<\/td>\n<td width=\"170\">\n<p><strong>\u00a0<\/strong><\/p>\n<p><strong>\u00a0<\/strong><\/p>\n<p><strong>\u00a0\u00a0\u00a0\u00a0 do 11.04.2022 r.<\/strong><\/p>\n<\/td>\n<td width=\"168\">\n<p><strong>\u00a0<\/strong><\/p>\n<p><strong>\u00a0<\/strong><\/p>\n<p><strong>\u00a0\u00a0\u00a0\u00a0 do 06.05. 2022r.<\/strong><\/p>\n<\/td>\n<\/tr>\n<tr>\n<td width=\"36\">\n<p>3.<\/p>\n<\/td>\n<td width=\"265\">\n<p>Podanie do publicznej wiadomo\u015bci listy kandydat\u00f3w zakwalifikowanych \u00a0\u00a0i niezakwalifikowanych<\/p>\n<\/td>\n<td width=\"170\">\n<p><strong>\u00a0<\/strong><\/p>\n<p><strong>\u00a0\u00a0\u00a0\u00a0\u00a0\u00a0\u00a0\u00a0 14.04.2022 r.<\/strong><\/p>\n<\/td>\n<td width=\"168\">\n<p><strong>\u00a0\u00a0\u00a0\u00a0\u00a0\u00a0\u00a0 <\/strong><\/p>\n<p><strong>\u00a0\u00a0\u00a0\u00a0\u00a0\u00a0 12.05.2022 r.<\/strong><\/p>\n<\/td>\n<\/tr>\n<tr>\n<td width=\"36\">\n<p>\u00a04.<\/p>\n<\/td>\n<td width=\"265\">\n<p>Potwierdzenie przez rodzica kandydata woli przyj\u0119cia w postaci pisemnego o\u015bwiadczenia.<\/p>\n<\/td>\n<td width=\"170\">\n<p><strong>\u00a0\u00a0 <\/strong><\/p>\n<p><strong>\u00a0\u00a0 \u00a0\u00a0\u00a0od 15.04.2022r.<\/strong><\/p>\n<p><strong>\u00a0\u00a0 \u00a0\u00a0\u00a0do 21.04.2022r.<\/strong><\/p>\n<\/td>\n<td width=\"168\">\n<p><strong>\u00a0\u00a0\u00a0\u00a0\u00a0\u00a0\u00a0\u00a0\u00a0\u00a0\u00a0\u00a0\u00a0\u00a0\u00a0\u00a0\u00a0\u00a0\u00a0\u00a0\u00a0\u00a0\u00a0\u00a0\u00a0\u00a0\u00a0\u00a0\u00a0\u00a0\u00a0\u00a0\u00a0\u00a0\u00a0\u00a0\u00a0\u00a0\u00a0 od 13.05.2022r\u00a0\u00a0 do 19.05.2022r.<\/strong><\/p>\n<\/td>\n<\/tr>\n<tr>\n<td width=\"36\">\n<p>5.<\/p>\n<\/td>\n<td width=\"265\">\n<p>Podanie do publicznej wiadomo\u015bci przez komisj\u0119 rekrutacyjn\u0105 listy kandydat\u00f3w przyj\u0119tych i kandydat\u00f3w nieprzyj\u0119tych.<\/p>\n<\/td>\n<td width=\"170\">\n<p><strong>\u00a0<\/strong><\/p>\n<p><strong>\u00a0\u00a0\u00a0\u00a0\u00a0\u00a0\u00a0\u00a0 25.04.2022 r.<\/strong><\/p>\n<\/td>\n<td width=\"168\">\n<p><strong>\u00a0\u00a0\u00a0\u00a0\u00a0\u00a0\u00a0\u00a0\u00a0\u00a0\u00a0\u00a0\u00a0\u00a0\u00a0\u00a0\u00a0\u00a0\u00a0\u00a0\u00a0\u00a0\u00a0\u00a0\u00a0\u00a0\u00a0\u00a0 20.05.2022 r.<\/strong><\/p>\n<p><strong>\u00a0<\/strong><\/p>\n<\/td>\n<\/tr>\n<\/tbody>\n<\/table>\n<p>\u00a0<\/p>\n<p>\u00a0<\/p>\n<table border=\"2\" width=\"639\">\n<tbody>\n<tr>\n<td width=\"31\">\n<p><strong>\u00a0<\/strong><\/p>\n<p><strong>Lp.<\/strong><\/p>\n<\/td>\n<td width=\"536\">\n<p><strong>KRYTERIA USTAWOWE<\/strong><\/p>\n<p><strong>(art. 131 ust. 2 i 3, art. 150 ust. 2 pkt 1, ustawy z dnia 14 grudnia 2016 r. o Prawie O\u015bwiatowym\u00a0 (Dz. U. z 2017 r. poz. 59) )<\/strong><\/p>\n<\/td>\n<td width=\"72\">\n<p><strong>Ilo\u015b\u0107 punkt\u00f3w<\/strong><\/p>\n<\/td>\n<\/tr>\n<tr>\n<td width=\"31\">\n<p>\u00a0<\/p>\n<p>1.<\/p>\n<\/td>\n<td width=\"536\">\n<p><strong>Wielodzietno\u015b\u0107 rodziny kandydata<\/strong><\/p>\n<p><strong><em>Za\u0142\u0105cznik nr 1:<\/em><\/strong><em> o\u015bwiadczenie o wielodzietno\u015bci rodziny kandydata.<\/em><\/p>\n<\/td>\n<td width=\"72\">\n<p><strong>20 pkt.<\/strong><\/p>\n<\/td>\n<\/tr>\n<tr>\n<td width=\"31\">\n<p>\u00a0<\/p>\n<p>2.<\/p>\n<\/td>\n<td width=\"536\">\n<p><strong>Niepe\u0142nosprawno\u015b\u0107 kandydata<\/strong><\/p>\n<p><em>Za\u0142\u0105cznik: orzeczenie o potrzebie kszta\u0142cenia specjalnego wydane ze wzgl\u0119du na niepe\u0142nosprawno\u015b\u0107, orzeczenie o niepe\u0142nosprawno\u015bci lub o stopniu niepe\u0142nosprawno\u015bci lub orzeczenie r\u00f3wnowa\u017cne w rozumieniu przepis\u00f3w ustawy z dnia 27 sierpnia 1997 r. rehabilitacji zawodowej i spo\u0142ecznej oraz zatrudnianiu os\u00f3b niepe\u0142nosprawnych (Dz. U. z 2016 r. poz. 2046)<\/em><\/p>\n<\/td>\n<td width=\"72\">\n<p><strong>20 pkt.<\/strong><\/p>\n<\/td>\n<\/tr>\n<tr>\n<td width=\"31\">\n<p>\u00a0<\/p>\n<p>3.<\/p>\n<\/td>\n<td width=\"536\">\n<p><strong>Niepe\u0142nosprawno\u015b\u0107 jednego z rodzic\u00f3w kandydata<\/strong><\/p>\n<p><em>Za\u0142\u0105cznik: orzeczenie o niepe\u0142nosprawno\u015bci lub o stopniu niepe\u0142nosprawno\u015bci lub orzeczenie r\u00f3wnowa\u017cne w rozumieniu przepis\u00f3w ustawy z dnia 27 sierpnia 1997 r. rehabilitacji zawodowej i spo\u0142ecznej oraz zatrudnianiu os\u00f3b niepe\u0142nosprawnych (Dz. U. z 2016 r. poz. 2046)<\/em><\/p>\n<\/td>\n<td width=\"72\">\n<p><strong>20 pkt.<\/strong><\/p>\n<\/td>\n<\/tr>\n<tr>\n<td width=\"31\">\n<p>\u00a0<\/p>\n<p>4.<\/p>\n<\/td>\n<td width=\"536\">\n<p><strong>Niepe\u0142nosprawno\u015b\u0107 obojga rodzic\u00f3w kandydata<\/strong><\/p>\n<p><em>Za\u0142\u0105cznik: orzeczenie o niepe\u0142nosprawno\u015bci lub o stopniu niepe\u0142nosprawno\u015bci lub orzeczenie r\u00f3wnowa\u017cne w rozumieniu przepis\u00f3w ustawy z dnia 27 sierpnia 1997 r. rehabilitacji zawodowej i spo\u0142ecznej oraz zatrudnianiu os\u00f3b niepe\u0142nosprawnych (Dz. U. z 2016 r. poz. 2046)<\/em><\/p>\n<\/td>\n<td width=\"72\">\n<p><strong>20 pkt.<\/strong><\/p>\n<\/td>\n<\/tr>\n<tr>\n<td width=\"31\">\n<p>\u00a0<\/p>\n<p>5.<\/p>\n<\/td>\n<td width=\"536\">\n<p><strong>Niepe\u0142nosprawno\u015b\u0107 rodze\u0144stwa kandydata<\/strong><\/p>\n<p><em>Za\u0142\u0105cznik: orzeczenie o potrzebie kszta\u0142cenia specjalnego wydane ze wzgl\u0119du na niepe\u0142nosprawno\u015b\u0107, orzeczenie o niepe\u0142nosprawno\u015bci lub o stopniu niepe\u0142nosprawno\u015bci lub orzeczenie r\u00f3wnowa\u017cne w rozumieniu przepis\u00f3w ustawy z dnia 27 sierpnia 1997 r. rehabilitacji zawodowej i spo\u0142ecznej oraz zatrudnianiu os\u00f3b niepe\u0142nosprawnych (Dz. U. z 2016 r. poz. 2046)<\/em><\/p>\n<\/td>\n<td width=\"72\">\n<p><strong>20 pkt.<\/strong><\/p>\n<\/td>\n<\/tr>\n<tr>\n<td width=\"31\">\n<p>\u00a0<\/p>\n<p>6.<\/p>\n<\/td>\n<td width=\"536\">\n<p><strong>Samotne wychowywanie kandydata w rodzinie<\/strong><\/p>\n<p><em>Prawomocny wyrok s\u0105du rodzinnego orzekaj\u0105cy rozw\u00f3d lub separacj\u0119 lub akt zgonu <strong>oraz o\u015bwiadczenie<\/strong> o samotnym wychowywaniu dziecka oraz niewychowywaniu \u017cadnego dziecka wsp\u00f3lnie z jego rodzicem <\/em><\/p>\n<p><strong><em>Za\u0142\u0105cznik nr 2<\/em><\/strong><em>: o\u015bwiadczenie rodzica.<\/em><\/p>\n<\/td>\n<td width=\"72\">\n<p><strong>20 pkt.<\/strong><\/p>\n<\/td>\n<\/tr>\n<tr>\n<td width=\"31\">\n<p>\u00a0<\/p>\n<p>7.<\/p>\n<\/td>\n<td width=\"536\">\n<p><strong>Obj\u0119cie kandydata piecz\u0105 zast\u0119pcz\u0105<\/strong><\/p>\n<p><em>Za\u0142\u0105cznik: dokument potwierdzaj\u0105cy obj\u0119cie dziecka piecz\u0105 zast\u0119pcz\u0105 zgodnie z ustaw\u0105 z dnia 9 czerwca 2011 r. o wspieraniu rodziny i systemie pieczy zast\u0119pczej (Dz. U. z 2016 r. poz.575).<\/em><\/p>\n<\/td>\n<td width=\"72\">\n<p><strong>20 pkt<\/strong>.<\/p>\n<\/td>\n<\/tr>\n<tr>\n<td colspan=\"3\" width=\"639\">\n<p><strong>KRYTERIA DODATKOWE<\/strong><\/p>\n<p><strong>(Uchwa\u0142a Nr XXII\/190\/2017 Rady Gminy w Stryszowie z dnia 28 marca 2017r)<\/strong><\/p>\n<\/td>\n<\/tr>\n<tr>\n<td width=\"31\">\n<p>8.<\/p>\n<\/td>\n<td width=\"536\">\n<p>Dziecko obj\u0119te obowi\u0105zkiem rocznego przygotowania przedszkolnego zamieszka\u0142e w danym obwodzie<\/p>\n<\/td>\n<td width=\"72\">\n<p><strong>\u00a0<\/strong><\/p>\n<p><strong>10 pkt.<\/strong><\/p>\n<\/td>\n<\/tr>\n<tr>\n<td width=\"31\">\n<p>\u00a0<\/p>\n<p>9.<\/p>\n<\/td>\n<td width=\"536\">\n<p>Dziecko obojga rodzic\u00f3w pracuj\u0105cych\/studiuj\u0105cych<\/p>\n<p>\u00a0<strong><em>Za\u0142\u0105cznik nr 4:<\/em><\/strong><em> o\u015bwiadczenie o zatrudnieniu.<\/em><em>\u00a0\u00a0 <\/em><\/p>\n<\/td>\n<td width=\"72\">\n<p><strong>\u00a0<\/strong><\/p>\n<p><strong>8 pkt.<\/strong><\/p>\n<\/td>\n<\/tr>\n<tr>\n<td width=\"31\">\n<p>\u00a0<\/p>\n<p>10.<\/p>\n<\/td>\n<td width=\"536\">\n<p>Kontynuacja edukacji przedszkolnej w danym\u00a0 przedszkolu \/oddziale przedszkolnym\u00a0 przez rodze\u0144stwo kandydata ubiegaj\u0105cego si\u0119 o przyj\u0119cie do przedszkola\/oddzia\u0142u\u00a0 przedszkolnego<\/p>\n<p><strong><em>Za\u0142\u0105cznik nr 3:<\/em><\/strong><em> o\u015bwiadczenie rodzica\u00a0 <\/em><\/p>\n<\/td>\n<td width=\"72\">\n<p><strong>6pkt.<\/strong><\/p>\n<\/td>\n<\/tr>\n<tr>\n<td width=\"31\">\n<p>11.<\/p>\n<\/td>\n<td width=\"536\">\n<p><em>\u00a0<\/em>Dziecko korzysta z pe\u0142nej oferty przedszkolnej (trzy godziny i wi\u0119cej ponad podstaw\u0119 programow\u0105)\u00a0\u00a0<\/p>\n<\/td>\n<td width=\"72\">\n<p><strong>4 pkt.<\/strong><\/p>\n<\/td>\n<\/tr>\n<tr>\n<td width=\"31\">\n<p>12.<\/p>\n<\/td>\n<td width=\"536\">\n<p>Dziecko, kt\u00f3rego rodze\u0144stwo kszta\u0142ci si\u0119 w szkole podstawowej<\/p>\n<p><strong><em>Za\u0142\u0105cznik nr 5:<\/em><\/strong><em> o\u015bwiadczenie rodzica <\/em><\/p>\n<\/td>\n<td width=\"72\">\n<p><strong>2 pkt.<\/strong><\/p>\n<\/td>\n<\/tr>\n<\/tbody>\n<\/table>\n<p>\u00a0<\/p>\n<p>Do oddzia\u0142\u00f3w przedszkolnych przy szko\u0142ach podstawowych, dzieci zapisywane s\u0105 jeden raz, na ca\u0142y etap edukacji przedszkolnej w\u00a0danej plac\u00f3wce. W\u00a0kolejnych latach rodzice tych dzieci sk\u0142adaj\u0105 jedynie <strong><u>deklaracje<\/u><\/strong> dotycz\u0105ce kontynuowania edukacji przedszkolnej. Oznacza to, \u017ce <strong><u>dzieci ju\u017c ucz\u0119szczaj\u0105ce<\/u><\/strong> do przedszkola nie bior\u0105 udzia\u0142u w\u00a0rekrutacji.<\/p>\n<p>\u00a0<\/p>\n<p><strong><u>Nab\u00f3r nowych dzieci do przedszkola na rok szkolny 2022\/2023<\/u> odbywa si\u0119 tylko na wolne miejsca. <\/strong><\/p>\n<p>\u00a0<\/p>\n<p><u>Sk\u0142adanie wniosk\u00f3w (wraz z\u00a0za\u0142\u0105cznikami) o\u00a0przyj\u0119cie kandydata do przedszkola\u00a0 nast\u0119puje w\u00a0terminie okre\u015blonym w\/w \u00a0harmonogramie czynno\u015bci rekrutacyjnych.<\/u><\/p>\n<p>\u00a0<\/p>\n<p><u><a title=\"KARTA ZG\u0141OSZENIA DZIECKA DO KLASY PIERWSZEJ SZKO\u0141Y PODSTAWOWEJ IM. ROMANA JAB\u0141O\u0143SKIEGO W \u0141\u0118KAWICY NA ROK SZKOLNY 2022 \/ 2023\" href=\"https:\/\/www.splekawica.pl\/wp-content\/uploads\/2022\/03\/wniosek_klasa1.pdf\" target=\"_blank\" rel=\"noopener noreferrer\">KARTA ZG\u0141OSZENIA DZIECKA DO KLASY PIERWSZEJ SZKO\u0141Y PODSTAWOWEJ IM. ROMANA JAB\u0141O\u0143SKIEGO W \u0141\u0118KAWICY NA ROK SZKOLNY 2022 \/ 2023<\/a><\/u><\/p>\n<p><u><a title=\"WNIOSEK O PRZYJ\u0118CIE DZIECKA SPOZA OBWODU DO KLASY PIERWSZEJ SZKO\u0141Y PODSTAWOWEJ IM. ROMANA JAB\u0141O\u0143SKIEGO W \u0141\u0118KAWICY NA ROK SZKOLNY 2022 \/ 2023.\" href=\"https:\/\/www.splekawica.pl\/wp-content\/uploads\/2022\/03\/wniosek_klasa1_spoza.pdf\" target=\"_blank\" rel=\"noopener noreferrer\">WNIOSEK O PRZYJ\u0118CIE DZIECKA SPOZA OBWODU DO KLASY PIERWSZEJ SZKO\u0141Y PODSTAWOWEJ IM. ROMANA JAB\u0141O\u0143SKIEGO W \u0141\u0118KAWICY NA ROK SZKOLNY 2022 \/ 2023<\/a><\/u><\/p>\n<p><u><a title=\"WNIOSEK O PRZYJ\u0118CIE DZIECKA DO ODDZIA\u0141U PRZEDSZKOLNEGO SZKO\u0141Y PODSTAWOWEJ IM. ROMANA JAB\u0141O\u0143SKIEGO W \u0141\u0118KAWICY NA ROK SZKOLNY 2022\/2023\" href=\"https:\/\/www.splekawica.pl\/wp-content\/uploads\/2022\/03\/wniosek_przedszkole.pdf\" target=\"_blank\" rel=\"noopener noreferrer\">WNIOSEK O PRZYJ\u0118CIE DZIECKA DO ODDZIA\u0141U PRZEDSZKOLNEGO SZKO\u0141Y PODSTAWOWEJ IM. ROMANA JAB\u0141O\u0143SKIEGO W \u0141\u0118KAWICY NA ROK SZKOLNY 2022\/2023<\/a><\/u>\u00a0<\/p>\n<p><u><a title=\"POTWIERDZENIE WOLI PRZYJ\u0118CIA DO ODDZIA\u0141U PRZEDSZKOLNEGO PRZY SZKOLE PODSTAWOWEJ IM. ROMANA JAB\u0141O\u0143SKIEGO W \u0141\u0118KAWICY \" href=\"https:\/\/www.splekawica.pl\/wp-content\/uploads\/2022\/03\/wola_przyjecia_przedszkole.pdf\" target=\"_blank\" rel=\"noopener noreferrer\">POTWIERDZENIE WOLI PRZYJ\u0118CIA DO ODDZIA\u0141U PRZEDSZKOLNEGO PRZY SZKOLE PODSTAWOWEJ IM. ROMANA JAB\u0141O\u0143SKIEGO W \u0141\u0118KAWICY <\/a><\/u>\u00a0<\/p>\n<p><u><a title=\"POTWIERDZENIE WOLI PRZYJ\u0118CIA DO KLASY I SZKO\u0141Y PODSTAWOWEJ IM. ROMANA JAB\u0141O\u0143SKIEGO W \u0141\u0118KAWICY \" href=\"https:\/\/www.splekawica.pl\/wp-content\/uploads\/2022\/03\/wola_przyjecia_szkola.pdf\" target=\"_blank\" rel=\"noopener noreferrer\">POTWIERDZENIE WOLI PRZYJ\u0118CIA DO KLASY I SZKO\u0141Y PODSTAWOWEJ IM. ROMANA JAB\u0141O\u0143SKIEGO W \u0141\u0118KAWICY <\/a><\/u><\/p>\n<p>\u00a0<\/p>\n<p>\u00a0<\/p>\n","protected":false},"excerpt":{"rendered":"<p>Dyrekcja Szko\u0142y Podstawowej im. Romana Jab\u0142o\u0144skiego w \u0141\u0119kawicy, informuje i\u017c od 07.03 do 31.03.2022 r. w sekretariacie szko\u0142y oraz na [&hellip;]<\/p>\n","protected":false},"author":1,"featured_media":0,"comment_status":"open","ping_status":"open","sticky":false,"template":"","format":"standard","meta":{"_uag_custom_page_level_css":"","footnotes":""},"categories":[5],"tags":[],"class_list":["post-703","post","type-post","status-publish","format-standard","hentry","category-szkola"],"uagb_featured_image_src":{"full":false,"thumbnail":false,"medium":false,"medium_large":false,"large":false,"1536x1536":false,"2048x2048":false,"bizberg_medium":false,"bizberg_gallery":false,"bizberg_blog_list":false,"bizberg_detail_image":false,"bizberg_detail_image_no_sidebar":false,"bizberg_portfolio_homepage":false,"bizberg_blog_list_no_sidebar_1":false},"uagb_author_info":{"display_name":"admin","author_link":"https:\/\/www.splekawica.pl\/index.php\/author\/admin\/"},"uagb_comment_info":0,"uagb_excerpt":"Dyrekcja Szko\u0142y Podstawowej im. Romana Jab\u0142o\u0144skiego w \u0141\u0119kawicy, informuje i\u017c od 07.03 do 31.03.2022 r. w sekretariacie szko\u0142y oraz na [&hellip;]","_links":{"self":[{"href":"https:\/\/www.splekawica.pl\/index.php\/wp-json\/wp\/v2\/posts\/703","targetHints":{"allow":["GET"]}}],"collection":[{"href":"https:\/\/www.splekawica.pl\/index.php\/wp-json\/wp\/v2\/posts"}],"about":[{"href":"https:\/\/www.splekawica.pl\/index.php\/wp-json\/wp\/v2\/types\/post"}],"author":[{"embeddable":true,"href":"https:\/\/www.splekawica.pl\/index.php\/wp-json\/wp\/v2\/users\/1"}],"replies":[{"embeddable":true,"href":"https:\/\/www.splekawica.pl\/index.php\/wp-json\/wp\/v2\/comments?post=703"}],"version-history":[{"count":0,"href":"https:\/\/www.splekawica.pl\/index.php\/wp-json\/wp\/v2\/posts\/703\/revisions"}],"wp:attachment":[{"href":"https:\/\/www.splekawica.pl\/index.php\/wp-json\/wp\/v2\/media?parent=703"}],"wp:term":[{"taxonomy":"category","embeddable":true,"href":"https:\/\/www.splekawica.pl\/index.php\/wp-json\/wp\/v2\/categories?post=703"},{"taxonomy":"post_tag","embeddable":true,"href":"https:\/\/www.splekawica.pl\/index.php\/wp-json\/wp\/v2\/tags?post=703"}],"curies":[{"name":"wp","href":"https:\/\/api.w.org\/{rel}","templated":true}]}}