{"id":706,"date":"2022-03-08T07:16:50","date_gmt":"2022-03-08T07:16:50","guid":{"rendered":"http:\/\/www.splekawica.pl\/index.php\/2022\/03\/08\/rodzina-wobec-wspolczesnych-zagrozen\/"},"modified":"2022-03-08T07:16:50","modified_gmt":"2022-03-08T07:16:50","slug":"rodzina-wobec-wspolczesnych-zagrozen","status":"publish","type":"post","link":"https:\/\/www.splekawica.pl\/index.php\/2022\/03\/08\/rodzina-wobec-wspolczesnych-zagrozen\/","title":{"rendered":"Rodzina wobec wsp\u00f3\u0142czesnych zagro\u017ce\u0144"},"content":{"rendered":"<p>Zmiana miejsca spotkania<\/p>\n<p>Gminny O\u015brodek Pomocy Spo\u0142ecznej\/ Zesp\u00f3\u0142 Interdyscyplinarny ds. przeciwdzia\u0142ania przemocy w rodzinie w Stryszowie zapraszaj\u0105 wszystkich mieszka\u0144c\u00f3w Gminy Strysz\u00f3w na bezp\u0142atne spotkanie pt,, Rodzina wobec wsp\u00f3\u0142czesnych zagro\u017ce\u0144\u201d.<br \/>Spotkanie odb\u0119dzie si\u0119 w <strong>BUDYNKU OSP W STRYSZOWIE w dniu 18.03.2022 w godz. od 16.00 &#8211; 17.00<\/strong> i zostanie poprowadzone przez psycholog\u00f3w z O\u015brodka Interwencji Kryzysowej z Suchej Beskidzkiej.<\/p>\n<p>\u00a0<\/p>\n<p>\u00a0<\/p>\n<p><img loading=\"lazy\" decoding=\"async\" class=\" size-full wp-image-705\" src=\"https:\/\/www.splekawica.pl\/wp-content\/uploads\/2022\/03\/zaproszenie.jpg\" alt=\"\" width=\"1372\" height=\"1938\" srcset=\"https:\/\/www.splekawica.pl\/wp-content\/uploads\/2022\/03\/zaproszenie-212x300.jpg 212w, https:\/\/www.splekawica.pl\/wp-content\/uploads\/2022\/03\/zaproszenie-724x1024.jpg 724w, https:\/\/www.splekawica.pl\/wp-content\/uploads\/2022\/03\/zaproszenie-768x1086.jpg 768w, https:\/\/www.splekawica.pl\/wp-content\/uploads\/2022\/03\/zaproszenie-1087x1536.jpg 1087w\" sizes=\"auto, (max-width: 1372px) 100vw, 1372px\" \/><\/p>\n","protected":false},"excerpt":{"rendered":"<p>Zmiana miejsca spotkania Gminny O\u015brodek Pomocy Spo\u0142ecznej\/ Zesp\u00f3\u0142 Interdyscyplinarny ds. przeciwdzia\u0142ania przemocy w rodzinie w Stryszowie zapraszaj\u0105 wszystkich mieszka\u0144c\u00f3w Gminy [&hellip;]<\/p>\n","protected":false},"author":1,"featured_media":705,"comment_status":"open","ping_status":"open","sticky":false,"template":"","format":"standard","meta":{"_uag_custom_page_level_css":"","footnotes":""},"categories":[5],"tags":[],"class_list":["post-706","post","type-post","status-publish","format-standard","has-post-thumbnail","hentry","category-szkola"],"uagb_featured_image_src":{"full":["https:\/\/www.splekawica.pl\/wp-content\/uploads\/2022\/03\/zaproszenie.jpg",1448,2047,false],"thumbnail":["https:\/\/www.splekawica.pl\/wp-content\/uploads\/2022\/03\/zaproszenie-150x150.jpg",150,150,true],"medium":["https:\/\/www.splekawica.pl\/wp-content\/uploads\/2022\/03\/zaproszenie-212x300.jpg",212,300,true],"medium_large":["https:\/\/www.splekawica.pl\/wp-content\/uploads\/2022\/03\/zaproszenie-768x1086.jpg",640,905,true],"large":["https:\/\/www.splekawica.pl\/wp-content\/uploads\/2022\/03\/zaproszenie-724x1024.jpg",640,905,true],"1536x1536":["https:\/\/www.splekawica.pl\/wp-content\/uploads\/2022\/03\/zaproszenie-1087x1536.jpg",1087,1536,true],"2048x2048":["https:\/\/www.splekawica.pl\/wp-content\/uploads\/2022\/03\/zaproszenie.jpg",1448,2047,false],"bizberg_medium":["https:\/\/www.splekawica.pl\/wp-content\/uploads\/2022\/03\/zaproszenie-300x300.jpg",300,300,true],"bizberg_gallery":["https:\/\/www.splekawica.pl\/wp-content\/uploads\/2022\/03\/zaproszenie-500x400.jpg",500,400,true],"bizberg_blog_list":["https:\/\/www.splekawica.pl\/wp-content\/uploads\/2022\/03\/zaproszenie-368x240.jpg",368,240,true],"bizberg_detail_image":["https:\/\/www.splekawica.pl\/wp-content\/uploads\/2022\/03\/zaproszenie-825x400.jpg",825,400,true],"bizberg_detail_image_no_sidebar":["https:\/\/www.splekawica.pl\/wp-content\/uploads\/2022\/03\/zaproszenie-920x400.jpg",920,400,true],"bizberg_portfolio_homepage":["https:\/\/www.splekawica.pl\/wp-content\/uploads\/2022\/03\/zaproszenie-600x400.jpg",600,400,true],"bizberg_blog_list_no_sidebar_1":["https:\/\/www.splekawica.pl\/wp-content\/uploads\/2022\/03\/zaproszenie-220x190.jpg",220,190,true]},"uagb_author_info":{"display_name":"admin","author_link":"https:\/\/www.splekawica.pl\/index.php\/author\/admin\/"},"uagb_comment_info":0,"uagb_excerpt":"Zmiana miejsca spotkania Gminny O\u015brodek Pomocy Spo\u0142ecznej\/ Zesp\u00f3\u0142 Interdyscyplinarny ds. przeciwdzia\u0142ania przemocy w rodzinie w Stryszowie zapraszaj\u0105 wszystkich mieszka\u0144c\u00f3w Gminy [&hellip;]","_links":{"self":[{"href":"https:\/\/www.splekawica.pl\/index.php\/wp-json\/wp\/v2\/posts\/706","targetHints":{"allow":["GET"]}}],"collection":[{"href":"https:\/\/www.splekawica.pl\/index.php\/wp-json\/wp\/v2\/posts"}],"about":[{"href":"https:\/\/www.splekawica.pl\/index.php\/wp-json\/wp\/v2\/types\/post"}],"author":[{"embeddable":true,"href":"https:\/\/www.splekawica.pl\/index.php\/wp-json\/wp\/v2\/users\/1"}],"replies":[{"embeddable":true,"href":"https:\/\/www.splekawica.pl\/index.php\/wp-json\/wp\/v2\/comments?post=706"}],"version-history":[{"count":0,"href":"https:\/\/www.splekawica.pl\/index.php\/wp-json\/wp\/v2\/posts\/706\/revisions"}],"wp:featuredmedia":[{"embeddable":true,"href":"https:\/\/www.splekawica.pl\/index.php\/wp-json\/wp\/v2\/media\/705"}],"wp:attachment":[{"href":"https:\/\/www.splekawica.pl\/index.php\/wp-json\/wp\/v2\/media?parent=706"}],"wp:term":[{"taxonomy":"category","embeddable":true,"href":"https:\/\/www.splekawica.pl\/index.php\/wp-json\/wp\/v2\/categories?post=706"},{"taxonomy":"post_tag","embeddable":true,"href":"https:\/\/www.splekawica.pl\/index.php\/wp-json\/wp\/v2\/tags?post=706"}],"curies":[{"name":"wp","href":"https:\/\/api.w.org\/{rel}","templated":true}]}}