{"id":713,"date":"2022-03-21T07:24:36","date_gmt":"2022-03-21T07:24:36","guid":{"rendered":"http:\/\/www.splekawica.pl\/index.php\/2022\/03\/21\/zbiorka-na-rzecz-mieszkancow-ukrainy-podsumowanie\/"},"modified":"2022-03-21T07:24:36","modified_gmt":"2022-03-21T07:24:36","slug":"zbiorka-na-rzecz-mieszkancow-ukrainy-podsumowanie","status":"publish","type":"post","link":"https:\/\/www.splekawica.pl\/index.php\/2022\/03\/21\/zbiorka-na-rzecz-mieszkancow-ukrainy-podsumowanie\/","title":{"rendered":"Zbi\u00f3rka na rzecz mieszka\u0144c\u00f3w Ukrainy &#8211; podsumowanie"},"content":{"rendered":"<p>Podczas zbi\u00f3rki pieni\u0119\u017cnej (16-18.03) dla mieszka\u0144c\u00f3w Ukrainy przebywaj\u0105cych na terenie Gminy Strysz\u00f3w zebrali\u015bmy 1320 z\u0142.<\/p>\n<p>Wszystkim darczy\u0144com bardzo dzi\u0119kujemy.<\/p>\n","protected":false},"excerpt":{"rendered":"<p>Podczas zbi\u00f3rki pieni\u0119\u017cnej (16-18.03) dla mieszka\u0144c\u00f3w Ukrainy przebywaj\u0105cych na terenie Gminy Strysz\u00f3w zebrali\u015bmy 1320 z\u0142. Wszystkim darczy\u0144com bardzo dzi\u0119kujemy.<\/p>\n","protected":false},"author":1,"featured_media":0,"comment_status":"open","ping_status":"open","sticky":false,"template":"","format":"standard","meta":{"_uag_custom_page_level_css":"","footnotes":""},"categories":[5],"tags":[],"class_list":["post-713","post","type-post","status-publish","format-standard","hentry","category-szkola"],"uagb_featured_image_src":{"full":false,"thumbnail":false,"medium":false,"medium_large":false,"large":false,"1536x1536":false,"2048x2048":false,"bizberg_medium":false,"bizberg_gallery":false,"bizberg_blog_list":false,"bizberg_detail_image":false,"bizberg_detail_image_no_sidebar":false,"bizberg_portfolio_homepage":false,"bizberg_blog_list_no_sidebar_1":false},"uagb_author_info":{"display_name":"admin","author_link":"https:\/\/www.splekawica.pl\/index.php\/author\/admin\/"},"uagb_comment_info":0,"uagb_excerpt":"Podczas zbi\u00f3rki pieni\u0119\u017cnej (16-18.03) dla mieszka\u0144c\u00f3w Ukrainy przebywaj\u0105cych na terenie Gminy Strysz\u00f3w zebrali\u015bmy 1320 z\u0142. Wszystkim darczy\u0144com bardzo dzi\u0119kujemy.","_links":{"self":[{"href":"https:\/\/www.splekawica.pl\/index.php\/wp-json\/wp\/v2\/posts\/713","targetHints":{"allow":["GET"]}}],"collection":[{"href":"https:\/\/www.splekawica.pl\/index.php\/wp-json\/wp\/v2\/posts"}],"about":[{"href":"https:\/\/www.splekawica.pl\/index.php\/wp-json\/wp\/v2\/types\/post"}],"author":[{"embeddable":true,"href":"https:\/\/www.splekawica.pl\/index.php\/wp-json\/wp\/v2\/users\/1"}],"replies":[{"embeddable":true,"href":"https:\/\/www.splekawica.pl\/index.php\/wp-json\/wp\/v2\/comments?post=713"}],"version-history":[{"count":0,"href":"https:\/\/www.splekawica.pl\/index.php\/wp-json\/wp\/v2\/posts\/713\/revisions"}],"wp:attachment":[{"href":"https:\/\/www.splekawica.pl\/index.php\/wp-json\/wp\/v2\/media?parent=713"}],"wp:term":[{"taxonomy":"category","embeddable":true,"href":"https:\/\/www.splekawica.pl\/index.php\/wp-json\/wp\/v2\/categories?post=713"},{"taxonomy":"post_tag","embeddable":true,"href":"https:\/\/www.splekawica.pl\/index.php\/wp-json\/wp\/v2\/tags?post=713"}],"curies":[{"name":"wp","href":"https:\/\/api.w.org\/{rel}","templated":true}]}}