{"id":717,"date":"2022-03-21T08:27:03","date_gmt":"2022-03-21T08:27:03","guid":{"rendered":"http:\/\/www.splekawica.pl\/index.php\/2022\/03\/21\/powitanie-wiosny\/"},"modified":"2022-03-21T08:27:03","modified_gmt":"2022-03-21T08:27:03","slug":"powitanie-wiosny","status":"publish","type":"post","link":"https:\/\/www.splekawica.pl\/index.php\/2022\/03\/21\/powitanie-wiosny\/","title":{"rendered":"Powitanie wiosny"},"content":{"rendered":"<div dir=\"auto\">\u00a0<\/div>\n<div dir=\"auto\">21 marca w poniedzia\u0142ek cz\u0142onkowie Harcerskiego Ko\u0142a Turystycznego wybrali si\u0119 na wycieczk\u0119 nad zapor\u0119, aby powita\u0107 wiosn\u0119. Z okazji rozpocz\u0119cia tej pi\u0119knej pory roku zapalili ognisko, piekli kie\u0142baski. Wspania\u0142a pogoda sprzyja\u0142a r\u00f3wnie\u017c zabawom terenowym i wsp\u00f3lnym \u015bpiewaniu harcerskich piosenek na \u0142onie natury.<\/div>\n<div dir=\"auto\">{gallery}galeria\/galeria2021-2022\/powitaniewiosny{\/gallery}<\/div>\n","protected":false},"excerpt":{"rendered":"<p>\u00a0 21 marca w poniedzia\u0142ek cz\u0142onkowie Harcerskiego Ko\u0142a Turystycznego wybrali si\u0119 na wycieczk\u0119 nad zapor\u0119, aby powita\u0107 wiosn\u0119. Z okazji [&hellip;]<\/p>\n","protected":false},"author":1,"featured_media":0,"comment_status":"open","ping_status":"open","sticky":false,"template":"","format":"standard","meta":{"_uag_custom_page_level_css":"","footnotes":""},"categories":[5],"tags":[],"class_list":["post-717","post","type-post","status-publish","format-standard","hentry","category-szkola"],"uagb_featured_image_src":{"full":false,"thumbnail":false,"medium":false,"medium_large":false,"large":false,"1536x1536":false,"2048x2048":false,"bizberg_medium":false,"bizberg_gallery":false,"bizberg_blog_list":false,"bizberg_detail_image":false,"bizberg_detail_image_no_sidebar":false,"bizberg_portfolio_homepage":false,"bizberg_blog_list_no_sidebar_1":false},"uagb_author_info":{"display_name":"admin","author_link":"https:\/\/www.splekawica.pl\/index.php\/author\/admin\/"},"uagb_comment_info":0,"uagb_excerpt":"\u00a0 21 marca w poniedzia\u0142ek cz\u0142onkowie Harcerskiego Ko\u0142a Turystycznego wybrali si\u0119 na wycieczk\u0119 nad zapor\u0119, aby powita\u0107 wiosn\u0119. Z okazji [&hellip;]","_links":{"self":[{"href":"https:\/\/www.splekawica.pl\/index.php\/wp-json\/wp\/v2\/posts\/717","targetHints":{"allow":["GET"]}}],"collection":[{"href":"https:\/\/www.splekawica.pl\/index.php\/wp-json\/wp\/v2\/posts"}],"about":[{"href":"https:\/\/www.splekawica.pl\/index.php\/wp-json\/wp\/v2\/types\/post"}],"author":[{"embeddable":true,"href":"https:\/\/www.splekawica.pl\/index.php\/wp-json\/wp\/v2\/users\/1"}],"replies":[{"embeddable":true,"href":"https:\/\/www.splekawica.pl\/index.php\/wp-json\/wp\/v2\/comments?post=717"}],"version-history":[{"count":0,"href":"https:\/\/www.splekawica.pl\/index.php\/wp-json\/wp\/v2\/posts\/717\/revisions"}],"wp:attachment":[{"href":"https:\/\/www.splekawica.pl\/index.php\/wp-json\/wp\/v2\/media?parent=717"}],"wp:term":[{"taxonomy":"category","embeddable":true,"href":"https:\/\/www.splekawica.pl\/index.php\/wp-json\/wp\/v2\/categories?post=717"},{"taxonomy":"post_tag","embeddable":true,"href":"https:\/\/www.splekawica.pl\/index.php\/wp-json\/wp\/v2\/tags?post=717"}],"curies":[{"name":"wp","href":"https:\/\/api.w.org\/{rel}","templated":true}]}}