{"id":718,"date":"2022-03-29T07:34:15","date_gmt":"2022-03-29T07:34:15","guid":{"rendered":"http:\/\/www.splekawica.pl\/index.php\/2022\/03\/29\/witaj-wiosno\/"},"modified":"2022-03-29T07:34:15","modified_gmt":"2022-03-29T07:34:15","slug":"witaj-wiosno","status":"publish","type":"post","link":"https:\/\/www.splekawica.pl\/index.php\/2022\/03\/29\/witaj-wiosno\/","title":{"rendered":"Witaj wiosno"},"content":{"rendered":"<div class=\"kvgmc6g5 cxmmr5t8 oygrvhab hcukyx3x c1et5uql ii04i59q\">\n<div dir=\"auto\">24 marca w naszej szkole cz\u0142onkowie k\u00f3\u0142ka artystyczno-humanistycznego zorganizowali przedstawienie witaj\u0105ce wiosn\u0119. Przywitali, t\u0119 pi\u0119kn\u0105 por\u0119 roku recytuj\u0105c wiersze, \u015bpiewaj\u0105c piosenki oraz wykonuj\u0105c uk\u0142ady taneczne. Uczniowie przebrani w tematyczne stroje wprowadzili r\u00f3wnie\u017c mi\u0142\u0105 atmosfer\u0119, kt\u00f3ra<\/div>\n<div dir=\"auto\">utrzymywa\u0142a si\u0119 do ko\u0144ca dnia.<\/div>\n<\/div>\n<div class=\"cxmmr5t8 oygrvhab hcukyx3x c1et5uql o9v6fnle ii04i59q\">\n<div dir=\"auto\">A. M. 7<\/div>\n<div dir=\"auto\">\u00a0<\/div>\n<div dir=\"auto\">{gallery}galeria\/galeria2021-2022\/wiosna{\/gallery}<\/div>\n<\/div>\n<p><iframe loading=\"lazy\" src=\"https:\/\/www.facebook.com\/plugins\/video.php?height=314&#038;href=https%3A%2F%2Fwww.facebook.com%2F1624120881219769%2Fvideos%2F1039908993287311%2F&#038;show_text=false&#038;width=560&#038;t=0\" width=\"560\" height=\"314\" style=\"border:none;overflow:hidden\" scrolling=\"no\" frameborder=\"0\" allowfullscreen=\"true\" allow=\"autoplay; clipboard-write; encrypted-media; picture-in-picture; web-share\" allowFullScreen=\"true\"><\/iframe><br \/>\n<iframe loading=\"lazy\" src=\"https:\/\/www.facebook.com\/plugins\/video.php?height=476&#038;href=https%3A%2F%2Fwww.facebook.com%2F1624120881219769%2Fvideos%2F370951948226723%2F&#038;show_text=false&#038;width=267&#038;t=0\" width=\"267\" height=\"476\" style=\"border:none;overflow:hidden\" scrolling=\"no\" frameborder=\"0\" allowfullscreen=\"true\" allow=\"autoplay; clipboard-write; encrypted-media; picture-in-picture; web-share\" allowFullScreen=\"true\"><\/iframe><\/p>\n","protected":false},"excerpt":{"rendered":"<p>24 marca w naszej szkole cz\u0142onkowie k\u00f3\u0142ka artystyczno-humanistycznego zorganizowali przedstawienie witaj\u0105ce wiosn\u0119. Przywitali, t\u0119 pi\u0119kn\u0105 por\u0119 roku recytuj\u0105c wiersze, \u015bpiewaj\u0105c [&hellip;]<\/p>\n","protected":false},"author":1,"featured_media":0,"comment_status":"open","ping_status":"open","sticky":false,"template":"","format":"standard","meta":{"_uag_custom_page_level_css":"","footnotes":""},"categories":[5],"tags":[],"class_list":["post-718","post","type-post","status-publish","format-standard","hentry","category-szkola"],"uagb_featured_image_src":{"full":false,"thumbnail":false,"medium":false,"medium_large":false,"large":false,"1536x1536":false,"2048x2048":false,"bizberg_medium":false,"bizberg_gallery":false,"bizberg_blog_list":false,"bizberg_detail_image":false,"bizberg_detail_image_no_sidebar":false,"bizberg_portfolio_homepage":false,"bizberg_blog_list_no_sidebar_1":false},"uagb_author_info":{"display_name":"admin","author_link":"https:\/\/www.splekawica.pl\/index.php\/author\/admin\/"},"uagb_comment_info":0,"uagb_excerpt":"24 marca w naszej szkole cz\u0142onkowie k\u00f3\u0142ka artystyczno-humanistycznego zorganizowali przedstawienie witaj\u0105ce wiosn\u0119. Przywitali, t\u0119 pi\u0119kn\u0105 por\u0119 roku recytuj\u0105c wiersze, \u015bpiewaj\u0105c [&hellip;]","_links":{"self":[{"href":"https:\/\/www.splekawica.pl\/index.php\/wp-json\/wp\/v2\/posts\/718","targetHints":{"allow":["GET"]}}],"collection":[{"href":"https:\/\/www.splekawica.pl\/index.php\/wp-json\/wp\/v2\/posts"}],"about":[{"href":"https:\/\/www.splekawica.pl\/index.php\/wp-json\/wp\/v2\/types\/post"}],"author":[{"embeddable":true,"href":"https:\/\/www.splekawica.pl\/index.php\/wp-json\/wp\/v2\/users\/1"}],"replies":[{"embeddable":true,"href":"https:\/\/www.splekawica.pl\/index.php\/wp-json\/wp\/v2\/comments?post=718"}],"version-history":[{"count":0,"href":"https:\/\/www.splekawica.pl\/index.php\/wp-json\/wp\/v2\/posts\/718\/revisions"}],"wp:attachment":[{"href":"https:\/\/www.splekawica.pl\/index.php\/wp-json\/wp\/v2\/media?parent=718"}],"wp:term":[{"taxonomy":"category","embeddable":true,"href":"https:\/\/www.splekawica.pl\/index.php\/wp-json\/wp\/v2\/categories?post=718"},{"taxonomy":"post_tag","embeddable":true,"href":"https:\/\/www.splekawica.pl\/index.php\/wp-json\/wp\/v2\/tags?post=718"}],"curies":[{"name":"wp","href":"https:\/\/api.w.org\/{rel}","templated":true}]}}