{"id":719,"date":"2022-03-30T07:18:07","date_gmt":"2022-03-30T07:18:07","guid":{"rendered":"http:\/\/www.splekawica.pl\/index.php\/2022\/03\/30\/sprzatanie-gminy-stryszow\/"},"modified":"2022-03-30T07:18:07","modified_gmt":"2022-03-30T07:18:07","slug":"sprzatanie-gminy-stryszow","status":"publish","type":"post","link":"https:\/\/www.splekawica.pl\/index.php\/2022\/03\/30\/sprzatanie-gminy-stryszow\/","title":{"rendered":"Sprz\u0105tanie Gminy Strysz\u00f3w"},"content":{"rendered":"<div dir=\"auto\">Dnia 28.03.2022 r. w naszej szkole odby\u0142a si\u0119 akcja ,,Sprz\u0105tanie Gminy Strysz\u00f3w\u201d, kt\u00f3ra mia\u0142a na celu u\u015bwiadomienie uczniom jak wa\u017cne jest dbanie o czysto\u015b\u0107 \u015brodowiska. Klasy 1-8 wyruszy\u0142y ze szko\u0142y w r\u00f3\u017cne okolice \u0141\u0119kawicy. Uda\u0142o nam si\u0119 zebra\u0107 du\u017c\u0105 ilo\u015b\u0107 odpad\u00f3w, kt\u00f3re za\u015bmieca\u0142y nasze okoliczne \u015brodowisko. Ka\u017cda z klas bardzo zaanga\u017cowa\u0142a si\u0119 w t\u0105 akcj\u0119. Po powrocie do szko\u0142y Pan Dyrektor wyg\u0142osi\u0142 kr\u00f3tkie przem\u00f3wienie na temat zanieczyszcze\u0144 i sprz\u0105tania \u015bmieci. Akcja ta pomog\u0142a zrozumie\u0107 jak wa\u017cne jest sprz\u0105tanie zanieczyszcze\u0144 i dbanie o \u015brodowisko.<\/div>\n<div dir=\"auto\">K.T. 7<\/div>\n<div dir=\"auto\">{gallery}galeria\/galeria2021-2022\/sprzatanieswiata{\/gallery}<\/div>\n","protected":false},"excerpt":{"rendered":"<p>Dnia 28.03.2022 r. w naszej szkole odby\u0142a si\u0119 akcja ,,Sprz\u0105tanie Gminy Strysz\u00f3w\u201d, kt\u00f3ra mia\u0142a na celu u\u015bwiadomienie uczniom jak wa\u017cne [&hellip;]<\/p>\n","protected":false},"author":1,"featured_media":0,"comment_status":"open","ping_status":"open","sticky":false,"template":"","format":"standard","meta":{"_uag_custom_page_level_css":"","footnotes":""},"categories":[5],"tags":[],"class_list":["post-719","post","type-post","status-publish","format-standard","hentry","category-szkola"],"uagb_featured_image_src":{"full":false,"thumbnail":false,"medium":false,"medium_large":false,"large":false,"1536x1536":false,"2048x2048":false,"bizberg_medium":false,"bizberg_gallery":false,"bizberg_blog_list":false,"bizberg_detail_image":false,"bizberg_detail_image_no_sidebar":false,"bizberg_portfolio_homepage":false,"bizberg_blog_list_no_sidebar_1":false},"uagb_author_info":{"display_name":"admin","author_link":"https:\/\/www.splekawica.pl\/index.php\/author\/admin\/"},"uagb_comment_info":0,"uagb_excerpt":"Dnia 28.03.2022 r. w naszej szkole odby\u0142a si\u0119 akcja ,,Sprz\u0105tanie Gminy Strysz\u00f3w\u201d, kt\u00f3ra mia\u0142a na celu u\u015bwiadomienie uczniom jak wa\u017cne [&hellip;]","_links":{"self":[{"href":"https:\/\/www.splekawica.pl\/index.php\/wp-json\/wp\/v2\/posts\/719","targetHints":{"allow":["GET"]}}],"collection":[{"href":"https:\/\/www.splekawica.pl\/index.php\/wp-json\/wp\/v2\/posts"}],"about":[{"href":"https:\/\/www.splekawica.pl\/index.php\/wp-json\/wp\/v2\/types\/post"}],"author":[{"embeddable":true,"href":"https:\/\/www.splekawica.pl\/index.php\/wp-json\/wp\/v2\/users\/1"}],"replies":[{"embeddable":true,"href":"https:\/\/www.splekawica.pl\/index.php\/wp-json\/wp\/v2\/comments?post=719"}],"version-history":[{"count":0,"href":"https:\/\/www.splekawica.pl\/index.php\/wp-json\/wp\/v2\/posts\/719\/revisions"}],"wp:attachment":[{"href":"https:\/\/www.splekawica.pl\/index.php\/wp-json\/wp\/v2\/media?parent=719"}],"wp:term":[{"taxonomy":"category","embeddable":true,"href":"https:\/\/www.splekawica.pl\/index.php\/wp-json\/wp\/v2\/categories?post=719"},{"taxonomy":"post_tag","embeddable":true,"href":"https:\/\/www.splekawica.pl\/index.php\/wp-json\/wp\/v2\/tags?post=719"}],"curies":[{"name":"wp","href":"https:\/\/api.w.org\/{rel}","templated":true}]}}