{"id":720,"date":"2022-04-01T06:18:06","date_gmt":"2022-04-01T06:18:06","guid":{"rendered":"http:\/\/www.splekawica.pl\/index.php\/2022\/04\/01\/dzien-bez-plecaka\/"},"modified":"2022-04-01T06:18:06","modified_gmt":"2022-04-01T06:18:06","slug":"dzien-bez-plecaka","status":"publish","type":"post","link":"https:\/\/www.splekawica.pl\/index.php\/2022\/04\/01\/dzien-bez-plecaka\/","title":{"rendered":"Dzie\u0144 bez plecaka"},"content":{"rendered":"<div dir=\"auto\">Dnia 1 kwietnia 2022 roku w naszej szkole odby\u0142a si\u0119 akcja \u201eDzie\u0144 bez plecaka\u201d, znana r\u00f3wnie\u017c jako \u201eNo backpack day\u201d. Uczniowie, kt\u00f3rzy przyszli do szko\u0142y z zamiennikiem plecaka mogli skorzysta\u0107 z opcji niepytania na ocen\u0119 oraz niepisania niezapowiedzianych kartk\u00f3wek. Komisja sk\u0142adaj\u0105ca si\u0119 z cz\u0119\u015bci Samorz\u0105du Szkolnego przesz\u0142a po klasach i wybra\u0142a 3 najlepsze pomys\u0142y:<\/div>\n<div dir=\"auto\">\u2022I miejsce Wojciech Nogala [kl. 8], samoch\u00f3d mercedes dla dzieci,<\/div>\n<div dir=\"auto\">\u2022II miejsce Maciej Nogala [kl. 7], suszarka na pranie,<\/div>\n<div dir=\"auto\">\u2022III miejsce Bart\u0142omiej Brudny [kl. 6], taczka.<\/div>\n<div dir=\"auto\">Najcz\u0119\u015bciej powtarzaj\u0105ce si\u0119 pomys\u0142y to transportery dla zwierz\u0105t, futera\u0142y na gitar\u0119 i koszyki oraz walizki. Wszystkim bardzo spodoba\u0142a si\u0119 akcja.<\/div>\n<div dir=\"auto\">\u00a0<\/div>\n<div dir=\"auto\">Z. A. 8<\/div>\n<div dir=\"auto\">{gallery}galeria\/galeria2021-2022\/dzienbezplecaka{\/gallery}<\/div>\n","protected":false},"excerpt":{"rendered":"<p>Dnia 1 kwietnia 2022 roku w naszej szkole odby\u0142a si\u0119 akcja \u201eDzie\u0144 bez plecaka\u201d, znana r\u00f3wnie\u017c jako \u201eNo backpack day\u201d. [&hellip;]<\/p>\n","protected":false},"author":1,"featured_media":0,"comment_status":"open","ping_status":"open","sticky":false,"template":"","format":"standard","meta":{"_uag_custom_page_level_css":"","footnotes":""},"categories":[5],"tags":[],"class_list":["post-720","post","type-post","status-publish","format-standard","hentry","category-szkola"],"uagb_featured_image_src":{"full":false,"thumbnail":false,"medium":false,"medium_large":false,"large":false,"1536x1536":false,"2048x2048":false,"bizberg_medium":false,"bizberg_gallery":false,"bizberg_blog_list":false,"bizberg_detail_image":false,"bizberg_detail_image_no_sidebar":false,"bizberg_portfolio_homepage":false,"bizberg_blog_list_no_sidebar_1":false},"uagb_author_info":{"display_name":"admin","author_link":"https:\/\/www.splekawica.pl\/index.php\/author\/admin\/"},"uagb_comment_info":0,"uagb_excerpt":"Dnia 1 kwietnia 2022 roku w naszej szkole odby\u0142a si\u0119 akcja \u201eDzie\u0144 bez plecaka\u201d, znana r\u00f3wnie\u017c jako \u201eNo backpack day\u201d. [&hellip;]","_links":{"self":[{"href":"https:\/\/www.splekawica.pl\/index.php\/wp-json\/wp\/v2\/posts\/720","targetHints":{"allow":["GET"]}}],"collection":[{"href":"https:\/\/www.splekawica.pl\/index.php\/wp-json\/wp\/v2\/posts"}],"about":[{"href":"https:\/\/www.splekawica.pl\/index.php\/wp-json\/wp\/v2\/types\/post"}],"author":[{"embeddable":true,"href":"https:\/\/www.splekawica.pl\/index.php\/wp-json\/wp\/v2\/users\/1"}],"replies":[{"embeddable":true,"href":"https:\/\/www.splekawica.pl\/index.php\/wp-json\/wp\/v2\/comments?post=720"}],"version-history":[{"count":0,"href":"https:\/\/www.splekawica.pl\/index.php\/wp-json\/wp\/v2\/posts\/720\/revisions"}],"wp:attachment":[{"href":"https:\/\/www.splekawica.pl\/index.php\/wp-json\/wp\/v2\/media?parent=720"}],"wp:term":[{"taxonomy":"category","embeddable":true,"href":"https:\/\/www.splekawica.pl\/index.php\/wp-json\/wp\/v2\/categories?post=720"},{"taxonomy":"post_tag","embeddable":true,"href":"https:\/\/www.splekawica.pl\/index.php\/wp-json\/wp\/v2\/tags?post=720"}],"curies":[{"name":"wp","href":"https:\/\/api.w.org\/{rel}","templated":true}]}}