{"id":728,"date":"2022-04-12T10:29:18","date_gmt":"2022-04-12T10:29:18","guid":{"rendered":"http:\/\/www.splekawica.pl\/index.php\/2022\/04\/12\/malopolski-projekt-miec-wyobraznie-milosierdzia\/"},"modified":"2022-04-12T10:29:18","modified_gmt":"2022-04-12T10:29:18","slug":"malopolski-projekt-miec-wyobraznie-milosierdzia","status":"publish","type":"post","link":"https:\/\/www.splekawica.pl\/index.php\/2022\/04\/12\/malopolski-projekt-miec-wyobraznie-milosierdzia\/","title":{"rendered":"Ma\u0142opolski projekt &#8222;Mie\u0107 Wyobra\u017ani\u0119 Mi\u0142osierdzia&#8221;"},"content":{"rendered":"<div dir=\"auto\">W bie\u017c\u0105cym roku szkolnym po raz pierwszy uczestniczymy w ma\u0142opolskim projekcie &#8222;Mie\u0107 Wyobra\u017ani\u0119 Mi\u0142osierdzia&#8221;, kt\u00f3rego celem jest uwra\u017cliwienie m\u0142odzie\u017cy na potrzeby innych ludzi, a tak\u017ce przygotowanie uczni\u00f3w do spo\u0142ecznego dzia\u0142ania na rzecz potrzebuj\u0105cych. Projekt ten jest adresowany do uczni\u00f3w klas VI,VII,VIII szko\u0142y podstawowej.<\/div>\n<div dir=\"auto\">Kilkoro uczni\u00f3w z klasy VII i VIII naszej szko\u0142y wraz z katechet\u0105 od listopada ubieg\u0142ego roku spotyka si\u0119 co tydzie\u0144 w poniedzia\u0142ek przed zaj\u0119ciami i wsp\u00f3lnie realizuje cele, kt\u00f3re sobie obrali na pocz\u0105tkowych spotkaniach. Uczestnicy w projekcie staraj\u0105 si\u0119 pomaga\u0107 w swoim lokalnym \u015brodowisku. Na \u015awi\u0119ta Bo\u017cego Narodzenia przygotowano 31 sztuk kartek \u015bwi\u0105tecznych wraz z \u017cyczeniami i s\u0142odkimi upominkami, kt\u00f3re zosta\u0142y przekazane siostrom albertynkom w Wadowicach, a przez ich r\u0119ce przekazane ich podopiecznym. Nast\u0119pnie uczestnicy w\u0142\u0105czyli si\u0119 w akcj\u0119 pomocy dla mieszka\u0144c\u00f3w ogarni\u0119tej wojn\u0105 Ukrainy. Uczniowie ch\u0119tnie w\u0142\u0105czyli si\u0119 do tej akcji pomagaj\u0105c Szkolnemu Ko\u0142u Wolontariatu w zbi\u00f3rce artyku\u0142\u00f3w i potem w pakowaniu paczek. Na \u015bwi\u0119ta Wielkanocne przygotowano r\u00f3wnie\u017c kartki \u015bwi\u0105teczne i s\u0142odkie upominki dla podopiecznych si\u00f3str albertynek w Wadowicach.<\/div>\n<div dir=\"auto\">Cieszy fakt, \u017ce r\u00f3wnie\u017c w naszej szkole s\u0105 m\u0142ode osoby, kt\u00f3re s\u0105 gotowe pomaga\u0107 innym w miar\u0119 swoich mo\u017cliwo\u015bci.<\/div>\n<div dir=\"auto\">\u00a0<\/div>\n<div dir=\"auto\">{gallery}galeria\/galeria2021-2022\/milosierdzie{\/gallery}<\/div>\n","protected":false},"excerpt":{"rendered":"<p>W bie\u017c\u0105cym roku szkolnym po raz pierwszy uczestniczymy w ma\u0142opolskim projekcie &#8222;Mie\u0107 Wyobra\u017ani\u0119 Mi\u0142osierdzia&#8221;, kt\u00f3rego celem jest uwra\u017cliwienie m\u0142odzie\u017cy na [&hellip;]<\/p>\n","protected":false},"author":1,"featured_media":0,"comment_status":"open","ping_status":"open","sticky":false,"template":"","format":"standard","meta":{"_uag_custom_page_level_css":"","footnotes":""},"categories":[5],"tags":[],"class_list":["post-728","post","type-post","status-publish","format-standard","hentry","category-szkola"],"uagb_featured_image_src":{"full":false,"thumbnail":false,"medium":false,"medium_large":false,"large":false,"1536x1536":false,"2048x2048":false,"bizberg_medium":false,"bizberg_gallery":false,"bizberg_blog_list":false,"bizberg_detail_image":false,"bizberg_detail_image_no_sidebar":false,"bizberg_portfolio_homepage":false,"bizberg_blog_list_no_sidebar_1":false},"uagb_author_info":{"display_name":"admin","author_link":"https:\/\/www.splekawica.pl\/index.php\/author\/admin\/"},"uagb_comment_info":0,"uagb_excerpt":"W bie\u017c\u0105cym roku szkolnym po raz pierwszy uczestniczymy w ma\u0142opolskim projekcie &#8222;Mie\u0107 Wyobra\u017ani\u0119 Mi\u0142osierdzia&#8221;, kt\u00f3rego celem jest uwra\u017cliwienie m\u0142odzie\u017cy na [&hellip;]","_links":{"self":[{"href":"https:\/\/www.splekawica.pl\/index.php\/wp-json\/wp\/v2\/posts\/728","targetHints":{"allow":["GET"]}}],"collection":[{"href":"https:\/\/www.splekawica.pl\/index.php\/wp-json\/wp\/v2\/posts"}],"about":[{"href":"https:\/\/www.splekawica.pl\/index.php\/wp-json\/wp\/v2\/types\/post"}],"author":[{"embeddable":true,"href":"https:\/\/www.splekawica.pl\/index.php\/wp-json\/wp\/v2\/users\/1"}],"replies":[{"embeddable":true,"href":"https:\/\/www.splekawica.pl\/index.php\/wp-json\/wp\/v2\/comments?post=728"}],"version-history":[{"count":0,"href":"https:\/\/www.splekawica.pl\/index.php\/wp-json\/wp\/v2\/posts\/728\/revisions"}],"wp:attachment":[{"href":"https:\/\/www.splekawica.pl\/index.php\/wp-json\/wp\/v2\/media?parent=728"}],"wp:term":[{"taxonomy":"category","embeddable":true,"href":"https:\/\/www.splekawica.pl\/index.php\/wp-json\/wp\/v2\/categories?post=728"},{"taxonomy":"post_tag","embeddable":true,"href":"https:\/\/www.splekawica.pl\/index.php\/wp-json\/wp\/v2\/tags?post=728"}],"curies":[{"name":"wp","href":"https:\/\/api.w.org\/{rel}","templated":true}]}}