{"id":733,"date":"2022-04-23T07:36:15","date_gmt":"2022-04-23T07:36:15","guid":{"rendered":"http:\/\/www.splekawica.pl\/index.php\/2022\/04\/23\/warsztaty-informatyczne\/"},"modified":"2022-04-23T07:36:15","modified_gmt":"2022-04-23T07:36:15","slug":"warsztaty-informatyczne","status":"publish","type":"post","link":"https:\/\/www.splekawica.pl\/index.php\/2022\/04\/23\/warsztaty-informatyczne\/","title":{"rendered":"Warsztaty informatyczne"},"content":{"rendered":"<div class=\"kvgmc6g5 cxmmr5t8 oygrvhab hcukyx3x c1et5uql ii04i59q\">\n<div dir=\"auto\">Szko\u0142a Podstawowa im. Romana Jab\u0142o\u0144skiego w \u0141\u0119kawicy uczestniczy\u0142a w projekcie &#8222;Lepszy start w przysz\u0142o\u015b\u0107 &#8211; rozw\u00f3j kompetencji kluczowych i uniwersalnych dla uczni\u00f3w z terenu Gminy Strysz\u00f3w&#8221;. W ramach tego projektu w naszej szkole odbywa\u0142y si\u0119 m. in. warsztaty informatyczne.<\/div>\n<\/div>\n<div class=\"cxmmr5t8 oygrvhab hcukyx3x c1et5uql o9v6fnle ii04i59q\">\n<div dir=\"auto\">\u00a0<\/div>\n<div dir=\"auto\">Uczniowie uczestnicz\u0105cy w warsztatach informatycznych, mieli mo\u017cliwo\u015b\u0107 kodowania, programowania i budowania za pomoc\u0105 klock\u00f3w LEGO. M\u0142odsza grupa mog\u0142a skorzysta\u0107 z zestaw\u00f3w LEGO WeDo 2.0, a uczniowie z klasy VI korzystali z zestaw\u00f3w LEGO Mindstorms. Zestawy klock\u00f3w lego wprowadzi\u0142y uczni\u00f3w w \u015bwiat robotyki i programowania. Uczniowie korzystali z przygotowanych instrukcji do konstruowania robot\u00f3w i programowania ich. Uczestnicy zaj\u0119\u0107 rozwijali kreatywno\u015b\u0107, poniewa\u017c realizowali i testowali r\u00f3wnie\u017c w\u0142asne pomys\u0142y robot\u00f3w. Wa\u017cnym aspektem by\u0142a wsp\u00f3\u0142praca przy realizacji zada\u0144.<\/div>\n<\/div>\n<div class=\"cxmmr5t8 oygrvhab hcukyx3x c1et5uql o9v6fnle ii04i59q\">\n<div dir=\"auto\">\u00a0<\/div>\n<div dir=\"auto\">Projekt zako\u0144czy\u0142 si\u0119, ale pozyskane przez szko\u0142\u0119 zestawy klock\u00f3w oraz tablety wykorzystywane s\u0105 podczas lekcji oraz zaj\u0119\u0107 dodatkowych.<\/div>\n<\/div>\n<p>\u00a0<\/p>\n<p>\u00a0<\/p>\n<p><iframe loading=\"lazy\" src=\"https:\/\/www.facebook.com\/plugins\/video.php?height=314&#038;href=https%3A%2F%2Fwww.facebook.com%2F1624120881219769%2Fvideos%2F538700787828533%2F&#038;show_text=false&#038;width=560&#038;t=0\" width=\"560\" height=\"314\" style=\"border:none;overflow:hidden\" scrolling=\"no\" frameborder=\"0\" allowfullscreen=\"true\" allow=\"autoplay; clipboard-write; encrypted-media; picture-in-picture; web-share\" allowFullScreen=\"true\"><\/iframe><\/p>\n","protected":false},"excerpt":{"rendered":"<p>Szko\u0142a Podstawowa im. Romana Jab\u0142o\u0144skiego w \u0141\u0119kawicy uczestniczy\u0142a w projekcie &#8222;Lepszy start w przysz\u0142o\u015b\u0107 &#8211; rozw\u00f3j kompetencji kluczowych i uniwersalnych [&hellip;]<\/p>\n","protected":false},"author":1,"featured_media":0,"comment_status":"open","ping_status":"open","sticky":false,"template":"","format":"standard","meta":{"_uag_custom_page_level_css":"","footnotes":""},"categories":[5],"tags":[],"class_list":["post-733","post","type-post","status-publish","format-standard","hentry","category-szkola"],"uagb_featured_image_src":{"full":false,"thumbnail":false,"medium":false,"medium_large":false,"large":false,"1536x1536":false,"2048x2048":false,"bizberg_medium":false,"bizberg_gallery":false,"bizberg_blog_list":false,"bizberg_detail_image":false,"bizberg_detail_image_no_sidebar":false,"bizberg_portfolio_homepage":false,"bizberg_blog_list_no_sidebar_1":false},"uagb_author_info":{"display_name":"admin","author_link":"https:\/\/www.splekawica.pl\/index.php\/author\/admin\/"},"uagb_comment_info":0,"uagb_excerpt":"Szko\u0142a Podstawowa im. Romana Jab\u0142o\u0144skiego w \u0141\u0119kawicy uczestniczy\u0142a w projekcie &#8222;Lepszy start w przysz\u0142o\u015b\u0107 &#8211; rozw\u00f3j kompetencji kluczowych i uniwersalnych [&hellip;]","_links":{"self":[{"href":"https:\/\/www.splekawica.pl\/index.php\/wp-json\/wp\/v2\/posts\/733","targetHints":{"allow":["GET"]}}],"collection":[{"href":"https:\/\/www.splekawica.pl\/index.php\/wp-json\/wp\/v2\/posts"}],"about":[{"href":"https:\/\/www.splekawica.pl\/index.php\/wp-json\/wp\/v2\/types\/post"}],"author":[{"embeddable":true,"href":"https:\/\/www.splekawica.pl\/index.php\/wp-json\/wp\/v2\/users\/1"}],"replies":[{"embeddable":true,"href":"https:\/\/www.splekawica.pl\/index.php\/wp-json\/wp\/v2\/comments?post=733"}],"version-history":[{"count":0,"href":"https:\/\/www.splekawica.pl\/index.php\/wp-json\/wp\/v2\/posts\/733\/revisions"}],"wp:attachment":[{"href":"https:\/\/www.splekawica.pl\/index.php\/wp-json\/wp\/v2\/media?parent=733"}],"wp:term":[{"taxonomy":"category","embeddable":true,"href":"https:\/\/www.splekawica.pl\/index.php\/wp-json\/wp\/v2\/categories?post=733"},{"taxonomy":"post_tag","embeddable":true,"href":"https:\/\/www.splekawica.pl\/index.php\/wp-json\/wp\/v2\/tags?post=733"}],"curies":[{"name":"wp","href":"https:\/\/api.w.org\/{rel}","templated":true}]}}