{"id":741,"date":"2022-04-27T08:34:50","date_gmt":"2022-04-27T08:34:50","guid":{"rendered":"http:\/\/www.splekawica.pl\/index.php\/2022\/04\/27\/laureaci-konkursow-organizowanych-przez-gok-oraz-szkolnego-konkursu-na-palme-wielkanocna\/"},"modified":"2022-04-27T08:34:50","modified_gmt":"2022-04-27T08:34:50","slug":"laureaci-konkursow-organizowanych-przez-gok-oraz-szkolnego-konkursu-na-palme-wielkanocna","status":"publish","type":"post","link":"https:\/\/www.splekawica.pl\/index.php\/2022\/04\/27\/laureaci-konkursow-organizowanych-przez-gok-oraz-szkolnego-konkursu-na-palme-wielkanocna\/","title":{"rendered":"Laureaci konkurs\u00f3w organizowanych przez GOK oraz szkolnego konkursu na palm\u0119 wielkanocn\u0105"},"content":{"rendered":"<p><strong>Laureaci szkolnego konkursu na palm\u0119 wielkanocn\u0105<\/strong><\/p>\n<p>Klasa 1 &#8211; Konrad Grajny<\/p>\n<p>Klasa 2 &#8211; Karol Grajny<\/p>\n<p>Klasa 3 &#8211; Helena Mamcarczyk<\/p>\n<p>Klasa 4 &#8211; Wiktor Adamczyk<\/p>\n<p>Klasa 5 &#8211; Emilia Targosz<\/p>\n<p>Klasa 6 &#8211; Natalia Okr\u0119glicka<\/p>\n<p>\u00a0<\/p>\n<p><strong>Laureaci konkurs\u00f3w organizowanych przez GOK\u00a0<\/strong><\/p>\n<h2 class=\"entry-title\">\u00a0<\/h2>\n<p class=\"entry-title\"><strong>Eliminacje Gminne 21 Festiwalu Artystycznego \u201eTalenty 2022&#8243;<\/strong><\/p>\n<p><strong>Kategoria MUZYKA<\/strong><\/p>\n<p>II miejsce \u2013 Pawe\u0142 Jurka\u00a0<\/p>\n<p>\u00a0<\/p>\n<p><strong>WYNIKI KONKURSU RECYTATORSKIEGO \u00a0\u201eCztery Pory Roku \u2013 ZIMA\u201d<\/strong><\/p>\n<p>III miejsce:\u00a0Dawid Sowi\u0144ski\u00a0<\/p>\n<p>\u00a0<\/p>\n<p><span style=\"color: #000000;\"><strong>WYNIKI KONKURSU PLASTYCZNEGO \u201eCztery Pory Roku \u2013 ZIMA\u201d<\/strong><\/span><\/p>\n<p><strong>Kategoria \u2013 kl. I-III<\/strong><br \/>II miejsce: Aurelia Jezutek\u00a0<br \/>Wyr\u00f3\u017cnienie: Julia Kumorowska\u00a0<\/p>\n<p><strong>Kategoria kl. IV-VI<\/strong><br \/>I miejsce: Mi\u0142osz Mak\u00f3wka<br \/>II miejsce: Emilia Targosz\u00a0<\/p>\n<p><strong>Kategoria kl. VII-VIII<\/strong><\/p>\n<p>III miejsce:<\/p>\n<p>Aleksandra Mak\u00f3wka\u00a0<br \/>Zofia Adamczyk<\/p>\n<p>\u00a0<\/p>\n<div class=\"kvgmc6g5 cxmmr5t8 oygrvhab hcukyx3x c1et5uql ii04i59q\">\n<div dir=\"auto\"><strong>Wyniki konkursu plastycznego \u201eWielkanocna Pisanka\u201d\u00a0<\/strong><\/div>\n<\/div>\n<div class=\"cxmmr5t8 oygrvhab hcukyx3x c1et5uql o9v6fnle ii04i59q\">\n<div dir=\"auto\">\u00a0<\/div>\n<div dir=\"auto\"><strong>Kategoria kl. I-III<\/strong><\/div>\n<\/div>\n<div class=\"cxmmr5t8 oygrvhab hcukyx3x c1et5uql o9v6fnle ii04i59q\">\n<div dir=\"auto\">I miejsce:\u00a0<\/div>\n<div dir=\"auto\">Antoni Sadzik<\/div>\n<div dir=\"auto\">II miejsce:<\/div>\n<div dir=\"auto\">Konrad Grajny<\/div>\n<div dir=\"auto\">\u00a0<\/div>\n<div dir=\"auto\"><strong>III miejsce:\u00a0<\/strong><\/div>\n<div dir=\"auto\">Lena Dura\u00a0<\/div>\n<div dir=\"auto\">Anna Niedziela<\/div>\n<div dir=\"auto\">\u00a0<\/div>\n<div dir=\"auto\"><strong>Kategoria kl. IV-VI<\/strong><\/div>\n<\/div>\n<div class=\"cxmmr5t8 oygrvhab hcukyx3x c1et5uql o9v6fnle ii04i59q\">\n<div dir=\"auto\">II miejsce: Kinga Kalata\u00a0<\/div>\n<div dir=\"auto\">III miejsce:<\/div>\n<div dir=\"auto\">Mi\u0142osz Mak\u00f3wka<\/div>\n<div dir=\"auto\">Emilia Targosz SP \u0141\u0119kawica<\/div>\n<div dir=\"auto\">\u00a0<\/div>\n<div dir=\"auto\"><strong>Kategoria kl. VII-VIII<\/strong><\/div>\n<\/div>\n<div class=\"cxmmr5t8 oygrvhab hcukyx3x c1et5uql o9v6fnle ii04i59q\">\n<div dir=\"auto\">I miejsce: Lena Niedzi\u00f3\u0142ka\u00a0<\/div>\n<div dir=\"auto\">\u00a0<\/div>\n<div dir=\"auto\">SERDECZNIE GRATULUJEMY!<\/div>\n<\/div>\n<div class=\"cxmmr5t8 oygrvhab hcukyx3x c1et5uql o9v6fnle ii04i59q\">\u00a0<\/div>\n<div class=\"cxmmr5t8 oygrvhab hcukyx3x c1et5uql o9v6fnle ii04i59q\">{gallery}\/galeria\/galeria2021-2022\/nagrodyGOK{\/gallery}<\/div>\n<p>\u00a0<\/p>\n","protected":false},"excerpt":{"rendered":"<p>Laureaci szkolnego konkursu na palm\u0119 wielkanocn\u0105 Klasa 1 &#8211; Konrad Grajny Klasa 2 &#8211; Karol Grajny Klasa 3 &#8211; Helena [&hellip;]<\/p>\n","protected":false},"author":1,"featured_media":0,"comment_status":"open","ping_status":"open","sticky":false,"template":"","format":"standard","meta":{"_uag_custom_page_level_css":"","footnotes":""},"categories":[5],"tags":[],"class_list":["post-741","post","type-post","status-publish","format-standard","hentry","category-szkola"],"uagb_featured_image_src":{"full":false,"thumbnail":false,"medium":false,"medium_large":false,"large":false,"1536x1536":false,"2048x2048":false,"bizberg_medium":false,"bizberg_gallery":false,"bizberg_blog_list":false,"bizberg_detail_image":false,"bizberg_detail_image_no_sidebar":false,"bizberg_portfolio_homepage":false,"bizberg_blog_list_no_sidebar_1":false},"uagb_author_info":{"display_name":"admin","author_link":"https:\/\/www.splekawica.pl\/index.php\/author\/admin\/"},"uagb_comment_info":0,"uagb_excerpt":"Laureaci szkolnego konkursu na palm\u0119 wielkanocn\u0105 Klasa 1 &#8211; Konrad Grajny Klasa 2 &#8211; Karol Grajny Klasa 3 &#8211; Helena [&hellip;]","_links":{"self":[{"href":"https:\/\/www.splekawica.pl\/index.php\/wp-json\/wp\/v2\/posts\/741","targetHints":{"allow":["GET"]}}],"collection":[{"href":"https:\/\/www.splekawica.pl\/index.php\/wp-json\/wp\/v2\/posts"}],"about":[{"href":"https:\/\/www.splekawica.pl\/index.php\/wp-json\/wp\/v2\/types\/post"}],"author":[{"embeddable":true,"href":"https:\/\/www.splekawica.pl\/index.php\/wp-json\/wp\/v2\/users\/1"}],"replies":[{"embeddable":true,"href":"https:\/\/www.splekawica.pl\/index.php\/wp-json\/wp\/v2\/comments?post=741"}],"version-history":[{"count":0,"href":"https:\/\/www.splekawica.pl\/index.php\/wp-json\/wp\/v2\/posts\/741\/revisions"}],"wp:attachment":[{"href":"https:\/\/www.splekawica.pl\/index.php\/wp-json\/wp\/v2\/media?parent=741"}],"wp:term":[{"taxonomy":"category","embeddable":true,"href":"https:\/\/www.splekawica.pl\/index.php\/wp-json\/wp\/v2\/categories?post=741"},{"taxonomy":"post_tag","embeddable":true,"href":"https:\/\/www.splekawica.pl\/index.php\/wp-json\/wp\/v2\/tags?post=741"}],"curies":[{"name":"wp","href":"https:\/\/api.w.org\/{rel}","templated":true}]}}