{"id":743,"date":"2022-04-29T10:04:58","date_gmt":"2022-04-29T10:04:58","guid":{"rendered":"http:\/\/www.splekawica.pl\/index.php\/2022\/04\/29\/dzien-ziemi\/"},"modified":"2022-04-29T10:04:58","modified_gmt":"2022-04-29T10:04:58","slug":"dzien-ziemi","status":"publish","type":"post","link":"https:\/\/www.splekawica.pl\/index.php\/2022\/04\/29\/dzien-ziemi\/","title":{"rendered":"Dzie\u0144 Ziemi"},"content":{"rendered":"<p>Apel na Dzie\u0144 Ziemi przygotowa\u0142a klasa 6 razem z pani\u0105 Iwon\u0105 Filek-Sikor\u0105 w dniu 29 kwietnia. Apel sk\u0142ada\u0142 si\u0119 z cz\u0119\u015bci artystycznej i quizu dotycz\u0105cego ,,5-r&#8221;.Najpierw uczennice wyja\u015bni\u0142y jak mo\u017cemy wytwarza\u0107  mniej \u015bmieci, jak je segregowa\u0107 oraz jak wykorzysta\u0107 je ponownie. Nast\u0119pnie zadaniem widowni by\u0142o przet\u0142umaczenie 5 angielskich s\u0142\u00f3w, kt\u00f3re rozpoczynaj\u0105 si\u0119 na liter\u0119 ,,r&#8221; i s\u0105 zwi\u0105zane z ekologi\u0105.<br \/>\nJ. O. 8<br \/>\n{gallery}galeria\/galeria2021-2022\/dzienZiemi{\/gallery}<\/p>\n","protected":false},"excerpt":{"rendered":"<p>Apel na Dzie\u0144 Ziemi przygotowa\u0142a klasa 6 razem z pani\u0105 Iwon\u0105 Filek-Sikor\u0105 w dniu 29 kwietnia. Apel sk\u0142ada\u0142 si\u0119 z [&hellip;]<\/p>\n","protected":false},"author":1,"featured_media":0,"comment_status":"open","ping_status":"open","sticky":false,"template":"","format":"standard","meta":{"_uag_custom_page_level_css":"","footnotes":""},"categories":[5],"tags":[],"class_list":["post-743","post","type-post","status-publish","format-standard","hentry","category-szkola"],"uagb_featured_image_src":{"full":false,"thumbnail":false,"medium":false,"medium_large":false,"large":false,"1536x1536":false,"2048x2048":false,"bizberg_medium":false,"bizberg_gallery":false,"bizberg_blog_list":false,"bizberg_detail_image":false,"bizberg_detail_image_no_sidebar":false,"bizberg_portfolio_homepage":false,"bizberg_blog_list_no_sidebar_1":false},"uagb_author_info":{"display_name":"admin","author_link":"https:\/\/www.splekawica.pl\/index.php\/author\/admin\/"},"uagb_comment_info":0,"uagb_excerpt":"Apel na Dzie\u0144 Ziemi przygotowa\u0142a klasa 6 razem z pani\u0105 Iwon\u0105 Filek-Sikor\u0105 w dniu 29 kwietnia. Apel sk\u0142ada\u0142 si\u0119 z [&hellip;]","_links":{"self":[{"href":"https:\/\/www.splekawica.pl\/index.php\/wp-json\/wp\/v2\/posts\/743","targetHints":{"allow":["GET"]}}],"collection":[{"href":"https:\/\/www.splekawica.pl\/index.php\/wp-json\/wp\/v2\/posts"}],"about":[{"href":"https:\/\/www.splekawica.pl\/index.php\/wp-json\/wp\/v2\/types\/post"}],"author":[{"embeddable":true,"href":"https:\/\/www.splekawica.pl\/index.php\/wp-json\/wp\/v2\/users\/1"}],"replies":[{"embeddable":true,"href":"https:\/\/www.splekawica.pl\/index.php\/wp-json\/wp\/v2\/comments?post=743"}],"version-history":[{"count":0,"href":"https:\/\/www.splekawica.pl\/index.php\/wp-json\/wp\/v2\/posts\/743\/revisions"}],"wp:attachment":[{"href":"https:\/\/www.splekawica.pl\/index.php\/wp-json\/wp\/v2\/media?parent=743"}],"wp:term":[{"taxonomy":"category","embeddable":true,"href":"https:\/\/www.splekawica.pl\/index.php\/wp-json\/wp\/v2\/categories?post=743"},{"taxonomy":"post_tag","embeddable":true,"href":"https:\/\/www.splekawica.pl\/index.php\/wp-json\/wp\/v2\/tags?post=743"}],"curies":[{"name":"wp","href":"https:\/\/api.w.org\/{rel}","templated":true}]}}