{"id":744,"date":"2022-04-28T12:12:31","date_gmt":"2022-04-28T12:12:31","guid":{"rendered":"http:\/\/www.splekawica.pl\/index.php\/2022\/04\/28\/swiatowy-dzien-ksiazki\/"},"modified":"2022-04-28T12:12:31","modified_gmt":"2022-04-28T12:12:31","slug":"swiatowy-dzien-ksiazki","status":"publish","type":"post","link":"https:\/\/www.splekawica.pl\/index.php\/2022\/04\/28\/swiatowy-dzien-ksiazki\/","title":{"rendered":"\u015awiatowy Dzie\u0144 Ksi\u0105\u017cki"},"content":{"rendered":"<p>\u015awiatowy Dzie\u0144 Ksi\u0105\u017cki<br \/>\nDnia 28 kwietnia w naszej szkole odby\u0142 si\u0119 \u015awiatowy Dzie\u0144 Ksi\u0105\u017cki. Aby go uczci\u0107 m\u0142odsze klasy przygotowa\u0142y uroczysty apel. W zabawny spos\u00f3b przedstawi\u0142y skutek czytania jak i r\u00f3wnie\u017c nieczytania ksi\u0105\u017cek. Uczestnicy przypomnieli nam jak powinni\u015bmy si\u0119 obchodzi\u0107 z ksi\u0105\u017ckami oraz w jaki spos\u00f3b zachowa\u0107 si\u0119 w bibliotece. Fina\u0142ow\u0105 cz\u0119\u015bci\u0105 uroczysto\u015bci by\u0142a przysi\u0119ga jednego z uczni\u00f3w naszej szko\u0142y w imieniu ca\u0142ej uczniowskiej spo\u0142eczno\u015bci deklaruj\u0105ca dbanie o ksi\u0105\u017cki.<br \/>\nO. K. 8<br \/>\n{gallery}galeria\/galeria2021-2022\/dzienbiblioteki{\/gallery}<\/p>\n","protected":false},"excerpt":{"rendered":"<p>\u015awiatowy Dzie\u0144 Ksi\u0105\u017cki Dnia 28 kwietnia w naszej szkole odby\u0142 si\u0119 \u015awiatowy Dzie\u0144 Ksi\u0105\u017cki. Aby go uczci\u0107 m\u0142odsze klasy przygotowa\u0142y [&hellip;]<\/p>\n","protected":false},"author":1,"featured_media":0,"comment_status":"open","ping_status":"open","sticky":false,"template":"","format":"standard","meta":{"_uag_custom_page_level_css":"","footnotes":""},"categories":[4],"tags":[],"class_list":["post-744","post","type-post","status-publish","format-standard","hentry","category-inne"],"uagb_featured_image_src":{"full":false,"thumbnail":false,"medium":false,"medium_large":false,"large":false,"1536x1536":false,"2048x2048":false,"bizberg_medium":false,"bizberg_gallery":false,"bizberg_blog_list":false,"bizberg_detail_image":false,"bizberg_detail_image_no_sidebar":false,"bizberg_portfolio_homepage":false,"bizberg_blog_list_no_sidebar_1":false},"uagb_author_info":{"display_name":"admin","author_link":"https:\/\/www.splekawica.pl\/index.php\/author\/admin\/"},"uagb_comment_info":0,"uagb_excerpt":"\u015awiatowy Dzie\u0144 Ksi\u0105\u017cki Dnia 28 kwietnia w naszej szkole odby\u0142 si\u0119 \u015awiatowy Dzie\u0144 Ksi\u0105\u017cki. Aby go uczci\u0107 m\u0142odsze klasy przygotowa\u0142y [&hellip;]","_links":{"self":[{"href":"https:\/\/www.splekawica.pl\/index.php\/wp-json\/wp\/v2\/posts\/744","targetHints":{"allow":["GET"]}}],"collection":[{"href":"https:\/\/www.splekawica.pl\/index.php\/wp-json\/wp\/v2\/posts"}],"about":[{"href":"https:\/\/www.splekawica.pl\/index.php\/wp-json\/wp\/v2\/types\/post"}],"author":[{"embeddable":true,"href":"https:\/\/www.splekawica.pl\/index.php\/wp-json\/wp\/v2\/users\/1"}],"replies":[{"embeddable":true,"href":"https:\/\/www.splekawica.pl\/index.php\/wp-json\/wp\/v2\/comments?post=744"}],"version-history":[{"count":0,"href":"https:\/\/www.splekawica.pl\/index.php\/wp-json\/wp\/v2\/posts\/744\/revisions"}],"wp:attachment":[{"href":"https:\/\/www.splekawica.pl\/index.php\/wp-json\/wp\/v2\/media?parent=744"}],"wp:term":[{"taxonomy":"category","embeddable":true,"href":"https:\/\/www.splekawica.pl\/index.php\/wp-json\/wp\/v2\/categories?post=744"},{"taxonomy":"post_tag","embeddable":true,"href":"https:\/\/www.splekawica.pl\/index.php\/wp-json\/wp\/v2\/tags?post=744"}],"curies":[{"name":"wp","href":"https:\/\/api.w.org\/{rel}","templated":true}]}}