{"id":745,"date":"2022-05-06T08:19:32","date_gmt":"2022-05-06T08:19:32","guid":{"rendered":"http:\/\/www.splekawica.pl\/index.php\/2022\/05\/06\/wirtualna-adopcja-na-odleglosc\/"},"modified":"2022-05-06T08:19:32","modified_gmt":"2022-05-06T08:19:32","slug":"wirtualna-adopcja-na-odleglosc","status":"publish","type":"post","link":"https:\/\/www.splekawica.pl\/index.php\/2022\/05\/06\/wirtualna-adopcja-na-odleglosc\/","title":{"rendered":"Wirtualna adopcja na odleg\u0142o\u015b\u0107"},"content":{"rendered":"<p>Kolejna akcja w naszej szkole!<br \/>\nW tym tygodniu rozpocz\u0119li\u015bmy wsp\u00f3\u0142prac\u0119 z Fundacj\u0105 \u201eKotak\u201d.<br \/>\nZ racji tego, \u017ce nie ka\u017cde dziecko mo\u017ce mie\u0107 zwierz\u0105tko w domu, postanowili\u015bmy zorganizowa\u0107 \u201e wirtualn\u0105 adopcj\u0119 na odleg\u0142o\u015b\u0107\u201d. Uczniowie wszystkich klas wybrali podopiecznych, kt\u00f3rymi przez najbli\u017csze miesi\u0105ce b\u0119d\u0105 si\u0119 opiekowa\u0107. Zadaniem ka\u017cdej z klas, b\u0119dzie zapewnienie po\u017cywienia w postaci suchej lub mokrej karmy. W klasach pojawi\u0105 si\u0119 zdj\u0119cia pupili i pude\u0142ka na karm\u0119. Zostanie ona przekazana pod koniec maja i czerwca Fundacji \u201eKotak\u201d<br \/>\nz Choczni. Ambasadorem naszej akcji jest kot Franek, kt\u00f3ry zosta\u0142 adoptowany z tej Fundacji.<\/p>\n<p>{gallery}galeria\/galeria2021-2022\/koty{\/gallery}<\/p>\n","protected":false},"excerpt":{"rendered":"<p>Kolejna akcja w naszej szkole! W tym tygodniu rozpocz\u0119li\u015bmy wsp\u00f3\u0142prac\u0119 z Fundacj\u0105 \u201eKotak\u201d. Z racji tego, \u017ce nie ka\u017cde dziecko [&hellip;]<\/p>\n","protected":false},"author":1,"featured_media":0,"comment_status":"open","ping_status":"open","sticky":false,"template":"","format":"standard","meta":{"_uag_custom_page_level_css":"","footnotes":""},"categories":[5],"tags":[],"class_list":["post-745","post","type-post","status-publish","format-standard","hentry","category-szkola"],"uagb_featured_image_src":{"full":false,"thumbnail":false,"medium":false,"medium_large":false,"large":false,"1536x1536":false,"2048x2048":false,"bizberg_medium":false,"bizberg_gallery":false,"bizberg_blog_list":false,"bizberg_detail_image":false,"bizberg_detail_image_no_sidebar":false,"bizberg_portfolio_homepage":false,"bizberg_blog_list_no_sidebar_1":false},"uagb_author_info":{"display_name":"admin","author_link":"https:\/\/www.splekawica.pl\/index.php\/author\/admin\/"},"uagb_comment_info":0,"uagb_excerpt":"Kolejna akcja w naszej szkole! W tym tygodniu rozpocz\u0119li\u015bmy wsp\u00f3\u0142prac\u0119 z Fundacj\u0105 \u201eKotak\u201d. Z racji tego, \u017ce nie ka\u017cde dziecko [&hellip;]","_links":{"self":[{"href":"https:\/\/www.splekawica.pl\/index.php\/wp-json\/wp\/v2\/posts\/745","targetHints":{"allow":["GET"]}}],"collection":[{"href":"https:\/\/www.splekawica.pl\/index.php\/wp-json\/wp\/v2\/posts"}],"about":[{"href":"https:\/\/www.splekawica.pl\/index.php\/wp-json\/wp\/v2\/types\/post"}],"author":[{"embeddable":true,"href":"https:\/\/www.splekawica.pl\/index.php\/wp-json\/wp\/v2\/users\/1"}],"replies":[{"embeddable":true,"href":"https:\/\/www.splekawica.pl\/index.php\/wp-json\/wp\/v2\/comments?post=745"}],"version-history":[{"count":0,"href":"https:\/\/www.splekawica.pl\/index.php\/wp-json\/wp\/v2\/posts\/745\/revisions"}],"wp:attachment":[{"href":"https:\/\/www.splekawica.pl\/index.php\/wp-json\/wp\/v2\/media?parent=745"}],"wp:term":[{"taxonomy":"category","embeddable":true,"href":"https:\/\/www.splekawica.pl\/index.php\/wp-json\/wp\/v2\/categories?post=745"},{"taxonomy":"post_tag","embeddable":true,"href":"https:\/\/www.splekawica.pl\/index.php\/wp-json\/wp\/v2\/tags?post=745"}],"curies":[{"name":"wp","href":"https:\/\/api.w.org\/{rel}","templated":true}]}}