{"id":746,"date":"2022-05-11T06:23:16","date_gmt":"2022-05-11T06:23:16","guid":{"rendered":"http:\/\/www.splekawica.pl\/index.php\/2022\/05\/11\/serce-na-nakretki\/"},"modified":"2022-05-11T06:23:16","modified_gmt":"2022-05-11T06:23:16","slug":"serce-na-nakretki","status":"publish","type":"post","link":"https:\/\/www.splekawica.pl\/index.php\/2022\/05\/11\/serce-na-nakretki\/","title":{"rendered":"Serce na nakr\u0119tki"},"content":{"rendered":"<p>Ju\u017c jest!<br \/>\nSzanowni Pa\u0144stwo,<br \/>\notrzymali\u015bmy od Fundacji Pom\u00f3c Wi\u0119cej serce na nakr\u0119tki. Jest to pierwsze serce na terenie Gminy Strysz\u00f3w. W dalszym ci\u0105gu b\u0119dziemy koordynowa\u0107 zbi\u00f3rk\u0119 nakr\u0119tek plastikowych dla Leny Cholewy. Nasze serce zago\u015bci\u0142o na sta\u0142e przed nasz\u0105 szko\u0142\u0105. Wszystkich mieszka\u0144c\u00f3w zach\u0119camy do w\u0142\u0105czenia si\u0119 w pomoc.<br \/>\n{gallery}galeria\/galeria2021-2022\/sercenakretki{\/gallery}<\/p>\n","protected":false},"excerpt":{"rendered":"<p>Ju\u017c jest! Szanowni Pa\u0144stwo, otrzymali\u015bmy od Fundacji Pom\u00f3c Wi\u0119cej serce na nakr\u0119tki. Jest to pierwsze serce na terenie Gminy Strysz\u00f3w. [&hellip;]<\/p>\n","protected":false},"author":1,"featured_media":0,"comment_status":"open","ping_status":"open","sticky":false,"template":"","format":"standard","meta":{"_uag_custom_page_level_css":"","footnotes":""},"categories":[5],"tags":[],"class_list":["post-746","post","type-post","status-publish","format-standard","hentry","category-szkola"],"uagb_featured_image_src":{"full":false,"thumbnail":false,"medium":false,"medium_large":false,"large":false,"1536x1536":false,"2048x2048":false,"bizberg_medium":false,"bizberg_gallery":false,"bizberg_blog_list":false,"bizberg_detail_image":false,"bizberg_detail_image_no_sidebar":false,"bizberg_portfolio_homepage":false,"bizberg_blog_list_no_sidebar_1":false},"uagb_author_info":{"display_name":"admin","author_link":"https:\/\/www.splekawica.pl\/index.php\/author\/admin\/"},"uagb_comment_info":0,"uagb_excerpt":"Ju\u017c jest! Szanowni Pa\u0144stwo, otrzymali\u015bmy od Fundacji Pom\u00f3c Wi\u0119cej serce na nakr\u0119tki. Jest to pierwsze serce na terenie Gminy Strysz\u00f3w. [&hellip;]","_links":{"self":[{"href":"https:\/\/www.splekawica.pl\/index.php\/wp-json\/wp\/v2\/posts\/746","targetHints":{"allow":["GET"]}}],"collection":[{"href":"https:\/\/www.splekawica.pl\/index.php\/wp-json\/wp\/v2\/posts"}],"about":[{"href":"https:\/\/www.splekawica.pl\/index.php\/wp-json\/wp\/v2\/types\/post"}],"author":[{"embeddable":true,"href":"https:\/\/www.splekawica.pl\/index.php\/wp-json\/wp\/v2\/users\/1"}],"replies":[{"embeddable":true,"href":"https:\/\/www.splekawica.pl\/index.php\/wp-json\/wp\/v2\/comments?post=746"}],"version-history":[{"count":0,"href":"https:\/\/www.splekawica.pl\/index.php\/wp-json\/wp\/v2\/posts\/746\/revisions"}],"wp:attachment":[{"href":"https:\/\/www.splekawica.pl\/index.php\/wp-json\/wp\/v2\/media?parent=746"}],"wp:term":[{"taxonomy":"category","embeddable":true,"href":"https:\/\/www.splekawica.pl\/index.php\/wp-json\/wp\/v2\/categories?post=746"},{"taxonomy":"post_tag","embeddable":true,"href":"https:\/\/www.splekawica.pl\/index.php\/wp-json\/wp\/v2\/tags?post=746"}],"curies":[{"name":"wp","href":"https:\/\/api.w.org\/{rel}","templated":true}]}}