{"id":749,"date":"2022-05-06T08:28:59","date_gmt":"2022-05-06T08:28:59","guid":{"rendered":"http:\/\/www.splekawica.pl\/index.php\/2022\/05\/06\/swieto-uchwalenia-konstytucji\/"},"modified":"2022-05-06T08:28:59","modified_gmt":"2022-05-06T08:28:59","slug":"swieto-uchwalenia-konstytucji","status":"publish","type":"post","link":"https:\/\/www.splekawica.pl\/index.php\/2022\/05\/06\/swieto-uchwalenia-konstytucji\/","title":{"rendered":"\u015bwi\u0119to uchwalenia Konstytucji"},"content":{"rendered":"<p>Dnia 3 maja 2022 roku w Stryszowie by\u0142o obchodzone \u015bwi\u0119to uchwalenia Konstytucji, w kt\u00f3rym uczestniczy\u0142 Poczet Sztandarowy<br \/>\nz naszej szko\u0142y. Ca\u0142o\u015b\u0107 rozpocz\u0119\u0142a si\u0119 msz\u0105, po kt\u00f3rej nast\u0105pi\u0142 przemarsz do siedziby gminy aby tam kontynuowa\u0107 obchody. Po wci\u0105gni\u0119ciu polskiej flagi w czasie \u015bpiewania hymnu pa\u0144stwowego, po kr\u00f3tkich przemowach mo\u017cna by\u0142o pocz\u0119stowa\u0107 si\u0119 przek\u0105skami zrobionymi przez ko\u0142a gospody\u0144 wiejskich z r\u00f3\u017cnych wsi. Trzy dni po tym wydarzeniu nasza szko\u0142a \u015bwi\u0119towa\u0142a \u015bwi\u0119to  3 maja. Po od\u015bpiewaniu hymnu klasa 7 wystawi\u0142a kr\u00f3tk\u0105 cz\u0119\u015b\u0107 artystyczn\u0105 o podpisaniu Konstytucji. Ca\u0142o\u015b\u0107 by\u0142a bardzo ciekawa i spodoba\u0142a si\u0119 publiczno\u015bci. Po przedstawieniu  zosta\u0142 przeprowadzony konkurs wiedzy, kt\u00f3ry mia\u0142 na celu wy\u0142oni\u0107 zwyci\u0119zc\u0119, osob\u0119 kt\u00f3ra b\u0119dzie wiedzie\u0107 najwi\u0119cej o rozbiorach Polski, piosenkach oraz innych wa\u017cnych rzeczach z historii naszego kraju. Wszystko by\u0142o bardzo ciekawe i wszyscy byli zachwyceni.<br \/>\nW. N. 8<br \/>\n{gallery}galeria\/galeria2021-2022\/konstytucja{\/gallery}<\/p>\n","protected":false},"excerpt":{"rendered":"<p>Dnia 3 maja 2022 roku w Stryszowie by\u0142o obchodzone \u015bwi\u0119to uchwalenia Konstytucji, w kt\u00f3rym uczestniczy\u0142 Poczet Sztandarowy z naszej szko\u0142y. [&hellip;]<\/p>\n","protected":false},"author":1,"featured_media":0,"comment_status":"open","ping_status":"open","sticky":false,"template":"","format":"standard","meta":{"_uag_custom_page_level_css":"","footnotes":""},"categories":[4],"tags":[],"class_list":["post-749","post","type-post","status-publish","format-standard","hentry","category-inne"],"uagb_featured_image_src":{"full":false,"thumbnail":false,"medium":false,"medium_large":false,"large":false,"1536x1536":false,"2048x2048":false,"bizberg_medium":false,"bizberg_gallery":false,"bizberg_blog_list":false,"bizberg_detail_image":false,"bizberg_detail_image_no_sidebar":false,"bizberg_portfolio_homepage":false,"bizberg_blog_list_no_sidebar_1":false},"uagb_author_info":{"display_name":"admin","author_link":"https:\/\/www.splekawica.pl\/index.php\/author\/admin\/"},"uagb_comment_info":0,"uagb_excerpt":"Dnia 3 maja 2022 roku w Stryszowie by\u0142o obchodzone \u015bwi\u0119to uchwalenia Konstytucji, w kt\u00f3rym uczestniczy\u0142 Poczet Sztandarowy z naszej szko\u0142y. [&hellip;]","_links":{"self":[{"href":"https:\/\/www.splekawica.pl\/index.php\/wp-json\/wp\/v2\/posts\/749","targetHints":{"allow":["GET"]}}],"collection":[{"href":"https:\/\/www.splekawica.pl\/index.php\/wp-json\/wp\/v2\/posts"}],"about":[{"href":"https:\/\/www.splekawica.pl\/index.php\/wp-json\/wp\/v2\/types\/post"}],"author":[{"embeddable":true,"href":"https:\/\/www.splekawica.pl\/index.php\/wp-json\/wp\/v2\/users\/1"}],"replies":[{"embeddable":true,"href":"https:\/\/www.splekawica.pl\/index.php\/wp-json\/wp\/v2\/comments?post=749"}],"version-history":[{"count":0,"href":"https:\/\/www.splekawica.pl\/index.php\/wp-json\/wp\/v2\/posts\/749\/revisions"}],"wp:attachment":[{"href":"https:\/\/www.splekawica.pl\/index.php\/wp-json\/wp\/v2\/media?parent=749"}],"wp:term":[{"taxonomy":"category","embeddable":true,"href":"https:\/\/www.splekawica.pl\/index.php\/wp-json\/wp\/v2\/categories?post=749"},{"taxonomy":"post_tag","embeddable":true,"href":"https:\/\/www.splekawica.pl\/index.php\/wp-json\/wp\/v2\/tags?post=749"}],"curies":[{"name":"wp","href":"https:\/\/api.w.org\/{rel}","templated":true}]}}