{"id":756,"date":"2022-05-10T09:16:26","date_gmt":"2022-05-10T09:16:26","guid":{"rendered":"http:\/\/www.splekawica.pl\/index.php\/2022\/05\/10\/dzien-europejski\/"},"modified":"2022-05-10T09:16:26","modified_gmt":"2022-05-10T09:16:26","slug":"dzien-europejski","status":"publish","type":"post","link":"https:\/\/www.splekawica.pl\/index.php\/2022\/05\/10\/dzien-europejski\/","title":{"rendered":"Dzie\u0144 Europejski"},"content":{"rendered":"<div dir=\"auto\">Dzie\u0144 Europejski<\/div>\n<div dir=\"auto\">10 Maja w Naszej szkole odby\u0142 si\u0119 Mi\u0119dzynarodowy Dzie\u0144 Europejski. Wszystkie klasy przygotowa\u0142y pi\u0119kne przedstawienia: Klasa I przygotowa\u0142a nam historie o Naszej Ojczy\u017anie Polsce. Klasa II przygotowa\u0142a nam pa\u0144stwo Holandi\u0119, jak ona powsta\u0142a oraz jakie s\u0105 w niej zwyczaje. Klasa III przygotowa\u0142a nam informacje o Francji, bo jest to pa\u0144stwo kt\u00f3re s\u0142ynie \u017ce \u015bwiatowej mody. Klasa IV przygotowa\u0142a nam materia\u0142 o Hiszpanii. S\u0142uchali\u015bmy hymnu tego kraju, dowiedzieli\u015bmy si\u0119 r\u00f3wnie\u017c bardzo fajnych ciekawostek o tym pa\u0144stwie, Klasa V przygotowa\u0142a nam wiadomo\u015bci o Niemczech, dowiedzieli\u015bmy si\u0119 m. in. tego, jak powiedzie\u0107 Dzie\u0144 Dobry po niemiecku. Klasa VI przygotowa\u0142a przedstawienie o W\u0142oszech. Mo\u017cna by\u0142o si\u0119 z niego dowiedzie\u0107, jacy tam bogowie wyst\u0119powali. Pokazali nam r\u00f3wnie\u017c historie o Julii i Romeo. Klasa VII przygotowa\u0142a wyst\u0119p o Czechach dowiedzieli\u015bmy si\u0119 z tego bardzo du\u017co ciekawostek o tym cudownym pa\u0144stwie. Zosta\u0142a nam r\u00f3wnie\u017c klasa VIII kt\u00f3ra przygotowa\u0142a dla nas informacje o Belgii. Przedstawili nam histori\u0119 tego pa\u0144stwa oraz zata\u0144czyli bardzo popularny taniec ,,Belgijk\u0119&#8221; Bardzo si\u0119 cieszymy, \u017ce do\u0142\u0105czyli\u015bmy do Unii Europejskiej!<\/div>\n<div dir=\"auto\">\u00a0<\/div>\n<div dir=\"auto\">E. K. 6<\/div>\n<div dir=\"auto\">\u00a0<\/div>\n<div dir=\"auto\">Klasa I<\/div>\n<div dir=\"auto\">{gallery}galeria\/galeria2021-2022\/dzienEuropejski\/klasa1{\/gallery}<\/div>\n<div dir=\"auto\">\u00a0<\/div>\n<div dir=\"auto\">\n<div dir=\"auto\">Klasa II<\/div>\n<div dir=\"auto\">{gallery}galeria\/galeria2021-2022\/dzienEuropejski\/klasa2{\/gallery}<\/div>\n<div dir=\"auto\">\u00a0<\/div>\n<div dir=\"auto\">\n<div dir=\"auto\">Klasa III<\/div>\n<div dir=\"auto\">{gallery}galeria\/galeria2021-2022\/dzienEuropejski\/klasa3{\/gallery}<\/div>\n<div dir=\"auto\">\u00a0<\/div>\n<div dir=\"auto\">\n<div dir=\"auto\">Klasa IV<\/div>\n<div dir=\"auto\">{gallery}galeria\/galeria2021-2022\/dzienEuropejski\/klasa4{\/gallery}<\/div>\n<div dir=\"auto\">\u00a0<\/div>\n<div dir=\"auto\">\n<div dir=\"auto\">Klasa\u00a0V<\/div>\n<div dir=\"auto\">{gallery}galeria\/galeria2021-2022\/dzienEuropejski\/klasa5{\/gallery}<\/div>\n<div dir=\"auto\">\u00a0<\/div>\n<div dir=\"auto\">\n<div dir=\"auto\">Klasa\u00a0VI<\/div>\n<div dir=\"auto\">{gallery}galeria\/galeria2021-2022\/dzienEuropejski\/klasa6{\/gallery}<\/div>\n<div dir=\"auto\">\u00a0<\/div>\n<div dir=\"auto\">\n<div dir=\"auto\">Klasa\u00a0VII<\/div>\n<div dir=\"auto\">{gallery}galeria\/galeria2021-2022\/dzienEuropejski\/klasa7{\/gallery}<\/div>\n<div dir=\"auto\">\u00a0<\/div>\n<div dir=\"auto\">klasa VIII<\/div>\n<div dir=\"auto\">\n<div dir=\"auto\">Klasa III<\/div>\n<div dir=\"auto\">{gallery}galeria\/galeria2021-2022\/dzienEuropejski\/klasa8{\/gallery}<\/div>\n<div dir=\"auto\">\u00a0<\/div>\n<\/div>\n<div dir=\"auto\">\u00a0<\/div>\n<\/div>\n<p><iframe loading=\"lazy\" src=\"https:\/\/www.facebook.com\/plugins\/video.php?height=314&#038;href=https%3A%2F%2Fwww.facebook.com%2F1624120881219769%2Fvideos%2F948051469224766%2F&#038;show_text=false&#038;width=560&#038;t=0\" width=\"560\" height=\"314\" style=\"border:none;overflow:hidden\" scrolling=\"no\" frameborder=\"0\" allowfullscreen=\"true\" allow=\"autoplay; clipboard-write; encrypted-media; picture-in-picture; web-share\" allowFullScreen=\"true\"><\/iframe><\/p>\n<p><iframe loading=\"lazy\" src=\"https:\/\/www.facebook.com\/plugins\/video.php?height=314&#038;href=https%3A%2F%2Fwww.facebook.com%2F1624120881219769%2Fvideos%2F545123583665924%2F&#038;show_text=false&#038;width=560&#038;t=0\" width=\"560\" height=\"314\" style=\"border:none;overflow:hidden\" scrolling=\"no\" frameborder=\"0\" allowfullscreen=\"true\" allow=\"autoplay; clipboard-write; encrypted-media; picture-in-picture; web-share\" allowFullScreen=\"true\"><\/iframe><\/p>\n<p><iframe loading=\"lazy\" src=\"https:\/\/www.facebook.com\/plugins\/video.php?height=314&#038;href=https%3A%2F%2Fwww.facebook.com%2F1624120881219769%2Fvideos%2F1073384416585951%2F&#038;show_text=false&#038;width=560&#038;t=0\" width=\"560\" height=\"314\" style=\"border:none;overflow:hidden\" scrolling=\"no\" frameborder=\"0\" allowfullscreen=\"true\" allow=\"autoplay; clipboard-write; encrypted-media; picture-in-picture; web-share\" allowFullScreen=\"true\"><\/iframe>\n<\/div>\n<\/div>\n<div dir=\"auto\">\u00a0<\/div>\n<\/div>\n<div dir=\"auto\">\u00a0<\/div>\n<\/div>\n<\/div>\n","protected":false},"excerpt":{"rendered":"<p>Dzie\u0144 Europejski 10 Maja w Naszej szkole odby\u0142 si\u0119 Mi\u0119dzynarodowy Dzie\u0144 Europejski. Wszystkie klasy przygotowa\u0142y pi\u0119kne przedstawienia: Klasa I przygotowa\u0142a [&hellip;]<\/p>\n","protected":false},"author":1,"featured_media":0,"comment_status":"open","ping_status":"open","sticky":false,"template":"","format":"standard","meta":{"_uag_custom_page_level_css":"","footnotes":""},"categories":[5],"tags":[],"class_list":["post-756","post","type-post","status-publish","format-standard","hentry","category-szkola"],"uagb_featured_image_src":{"full":false,"thumbnail":false,"medium":false,"medium_large":false,"large":false,"1536x1536":false,"2048x2048":false,"bizberg_medium":false,"bizberg_gallery":false,"bizberg_blog_list":false,"bizberg_detail_image":false,"bizberg_detail_image_no_sidebar":false,"bizberg_portfolio_homepage":false,"bizberg_blog_list_no_sidebar_1":false},"uagb_author_info":{"display_name":"admin","author_link":"https:\/\/www.splekawica.pl\/index.php\/author\/admin\/"},"uagb_comment_info":0,"uagb_excerpt":"Dzie\u0144 Europejski 10 Maja w Naszej szkole odby\u0142 si\u0119 Mi\u0119dzynarodowy Dzie\u0144 Europejski. Wszystkie klasy przygotowa\u0142y pi\u0119kne przedstawienia: Klasa I przygotowa\u0142a [&hellip;]","_links":{"self":[{"href":"https:\/\/www.splekawica.pl\/index.php\/wp-json\/wp\/v2\/posts\/756","targetHints":{"allow":["GET"]}}],"collection":[{"href":"https:\/\/www.splekawica.pl\/index.php\/wp-json\/wp\/v2\/posts"}],"about":[{"href":"https:\/\/www.splekawica.pl\/index.php\/wp-json\/wp\/v2\/types\/post"}],"author":[{"embeddable":true,"href":"https:\/\/www.splekawica.pl\/index.php\/wp-json\/wp\/v2\/users\/1"}],"replies":[{"embeddable":true,"href":"https:\/\/www.splekawica.pl\/index.php\/wp-json\/wp\/v2\/comments?post=756"}],"version-history":[{"count":0,"href":"https:\/\/www.splekawica.pl\/index.php\/wp-json\/wp\/v2\/posts\/756\/revisions"}],"wp:attachment":[{"href":"https:\/\/www.splekawica.pl\/index.php\/wp-json\/wp\/v2\/media?parent=756"}],"wp:term":[{"taxonomy":"category","embeddable":true,"href":"https:\/\/www.splekawica.pl\/index.php\/wp-json\/wp\/v2\/categories?post=756"},{"taxonomy":"post_tag","embeddable":true,"href":"https:\/\/www.splekawica.pl\/index.php\/wp-json\/wp\/v2\/tags?post=756"}],"curies":[{"name":"wp","href":"https:\/\/api.w.org\/{rel}","templated":true}]}}