{"id":757,"date":"2022-05-21T10:18:29","date_gmt":"2022-05-21T10:18:29","guid":{"rendered":"http:\/\/www.splekawica.pl\/index.php\/2022\/05\/21\/nocowanie-w-szkole\/"},"modified":"2022-05-21T10:18:29","modified_gmt":"2022-05-21T10:18:29","slug":"nocowanie-w-szkole","status":"publish","type":"post","link":"https:\/\/www.splekawica.pl\/index.php\/2022\/05\/21\/nocowanie-w-szkole\/","title":{"rendered":"Nocowanie w szkole"},"content":{"rendered":"<p>W dniach 20 \u2013 21 maja 2022 roku przedstawiciele szkolnego ko\u0142a harcersko \u2013 turystycznego oraz Samorz\u0105du Uczniowskiego spotkali si\u0119, aby wsp\u00f3lnie sp\u0119dzi\u0107 czas, gra\u0107 i bawi\u0107 si\u0119 a nast\u0119pnie sp\u0119dzi\u0107 w szkole ca\u0142\u0105 noc. Wszyscy spotkali si\u0119 o godzinie 19.00 i zjedli kolacj\u0119 \u2013 lubian\u0105 przez wszystkich pizz\u0119. Pogoda by\u0142a pi\u0119kna a wiecz\u00f3r wyj\u0105tkowo ciep\u0142y, dlatego kolejne godziny sp\u0119dzili na placu zabaw i szkolnym boisku, gdzie grali w gry zespo\u0142owe a nawet wsp\u00f3lnie ta\u0144czyli. Po powrocie do szko\u0142y wsp\u00f3lnie przygotowali smaczne desery i obejrzeli film. Po po\u0142o\u017ceniu si\u0119 w \u015bpiworach i opatuleniu kocykami \u015bmiechom i d\u0142ugim rozmowom nie by\u0142o ko\u0144ca. Ten wiecz\u00f3r i noc z pewno\u015bci\u0105 pozostanie na d\u0142ugo w pami\u0119ci jego uczestnik\u00f3w.<\/p>\n<p>{gallery}galeria\/galeria2021-2022\/nocowanie{\/gallery}<\/p>\n","protected":false},"excerpt":{"rendered":"<p>W dniach 20 \u2013 21 maja 2022 roku przedstawiciele szkolnego ko\u0142a harcersko \u2013 turystycznego oraz Samorz\u0105du Uczniowskiego spotkali si\u0119, aby [&hellip;]<\/p>\n","protected":false},"author":1,"featured_media":0,"comment_status":"open","ping_status":"open","sticky":false,"template":"","format":"standard","meta":{"_uag_custom_page_level_css":"","footnotes":""},"categories":[5],"tags":[],"class_list":["post-757","post","type-post","status-publish","format-standard","hentry","category-szkola"],"uagb_featured_image_src":{"full":false,"thumbnail":false,"medium":false,"medium_large":false,"large":false,"1536x1536":false,"2048x2048":false,"bizberg_medium":false,"bizberg_gallery":false,"bizberg_blog_list":false,"bizberg_detail_image":false,"bizberg_detail_image_no_sidebar":false,"bizberg_portfolio_homepage":false,"bizberg_blog_list_no_sidebar_1":false},"uagb_author_info":{"display_name":"admin","author_link":"https:\/\/www.splekawica.pl\/index.php\/author\/admin\/"},"uagb_comment_info":0,"uagb_excerpt":"W dniach 20 \u2013 21 maja 2022 roku przedstawiciele szkolnego ko\u0142a harcersko \u2013 turystycznego oraz Samorz\u0105du Uczniowskiego spotkali si\u0119, aby [&hellip;]","_links":{"self":[{"href":"https:\/\/www.splekawica.pl\/index.php\/wp-json\/wp\/v2\/posts\/757","targetHints":{"allow":["GET"]}}],"collection":[{"href":"https:\/\/www.splekawica.pl\/index.php\/wp-json\/wp\/v2\/posts"}],"about":[{"href":"https:\/\/www.splekawica.pl\/index.php\/wp-json\/wp\/v2\/types\/post"}],"author":[{"embeddable":true,"href":"https:\/\/www.splekawica.pl\/index.php\/wp-json\/wp\/v2\/users\/1"}],"replies":[{"embeddable":true,"href":"https:\/\/www.splekawica.pl\/index.php\/wp-json\/wp\/v2\/comments?post=757"}],"version-history":[{"count":0,"href":"https:\/\/www.splekawica.pl\/index.php\/wp-json\/wp\/v2\/posts\/757\/revisions"}],"wp:attachment":[{"href":"https:\/\/www.splekawica.pl\/index.php\/wp-json\/wp\/v2\/media?parent=757"}],"wp:term":[{"taxonomy":"category","embeddable":true,"href":"https:\/\/www.splekawica.pl\/index.php\/wp-json\/wp\/v2\/categories?post=757"},{"taxonomy":"post_tag","embeddable":true,"href":"https:\/\/www.splekawica.pl\/index.php\/wp-json\/wp\/v2\/tags?post=757"}],"curies":[{"name":"wp","href":"https:\/\/api.w.org\/{rel}","templated":true}]}}