{"id":762,"date":"2022-05-31T09:09:03","date_gmt":"2022-05-31T09:09:03","guid":{"rendered":"http:\/\/www.splekawica.pl\/index.php\/2022\/05\/31\/wycieczka-do-warszawy\/"},"modified":"2022-05-31T09:09:03","modified_gmt":"2022-05-31T09:09:03","slug":"wycieczka-do-warszawy","status":"publish","type":"post","link":"https:\/\/www.splekawica.pl\/index.php\/2022\/05\/31\/wycieczka-do-warszawy\/","title":{"rendered":"Wycieczka do Warszawy"},"content":{"rendered":"<p>\nW dniach 30 \u2013 31 maja 2022 roku klasy VII i VIII wyruszy\u0142y na wsp\u00f3ln\u0105 wycieczk\u0119 do Warszawy. W ci\u0105gu dw\u00f3ch dni zwiedzania m\u0142odzie\u017c mia\u0142a okazj\u0119 na w\u0142asne oczy zobaczy\u0107 wszystko to, o czym przez ostatnie lata uczyli si\u0119 zar\u00f3wno na j\u0119zyku polskim, jak i na historii i WOS \u2013 ie. Pierwszy, nieco bardziej pochmurny i deszczowy dzie\u0144 po\u015bwi\u0119cili na wyjazd na 30 pi\u0119tro Pa\u0142acu Kultury, dok\u0142adne zwiedzenie Muzeum Historii \u017byd\u00f3w Polskich POLIN oraz wej\u015bcie na Stadion Narodowy. Tego dnia nie zabrak\u0142o r\u00f3wnie\u017c klimatycznego, wieczornego, wsp\u00f3lnego spaceru ulicami Starego Miasta. Drugiego dnia stolica przywita\u0142a uczni\u00f3w pi\u0119kn\u0105 pogod\u0105, co umo\u017cliwi\u0142o d\u0142ugie godziny zwiedzania najwa\u017cniejszych zabytk\u00f3w miasta. Podziwiali pawie w \u0141azienkach kr\u00f3lewskich, obserwowali zmian\u0119 warty  przy Grobie Nieznanego \u017bo\u0142nierza, podziwiali liczne pomniki i zabytkowe kamienice. Mamy nadziej\u0119, \u017ce wyjazd ten zaszczepi\u0142 w uczniach zami\u0142owanie  do turystyki miejskiej.<\/p>\n<p>{gallery}galeria\/galeria2021-2022\/wycieczkaWarszawa{\/gallery}<\/p>\n","protected":false},"excerpt":{"rendered":"<p>W dniach 30 \u2013 31 maja 2022 roku klasy VII i VIII wyruszy\u0142y na wsp\u00f3ln\u0105 wycieczk\u0119 do Warszawy. W ci\u0105gu [&hellip;]<\/p>\n","protected":false},"author":1,"featured_media":0,"comment_status":"open","ping_status":"open","sticky":false,"template":"","format":"standard","meta":{"_uag_custom_page_level_css":"","footnotes":""},"categories":[5],"tags":[],"class_list":["post-762","post","type-post","status-publish","format-standard","hentry","category-szkola"],"uagb_featured_image_src":{"full":false,"thumbnail":false,"medium":false,"medium_large":false,"large":false,"1536x1536":false,"2048x2048":false,"bizberg_medium":false,"bizberg_gallery":false,"bizberg_blog_list":false,"bizberg_detail_image":false,"bizberg_detail_image_no_sidebar":false,"bizberg_portfolio_homepage":false,"bizberg_blog_list_no_sidebar_1":false},"uagb_author_info":{"display_name":"admin","author_link":"https:\/\/www.splekawica.pl\/index.php\/author\/admin\/"},"uagb_comment_info":0,"uagb_excerpt":"W dniach 30 \u2013 31 maja 2022 roku klasy VII i VIII wyruszy\u0142y na wsp\u00f3ln\u0105 wycieczk\u0119 do Warszawy. W ci\u0105gu [&hellip;]","_links":{"self":[{"href":"https:\/\/www.splekawica.pl\/index.php\/wp-json\/wp\/v2\/posts\/762","targetHints":{"allow":["GET"]}}],"collection":[{"href":"https:\/\/www.splekawica.pl\/index.php\/wp-json\/wp\/v2\/posts"}],"about":[{"href":"https:\/\/www.splekawica.pl\/index.php\/wp-json\/wp\/v2\/types\/post"}],"author":[{"embeddable":true,"href":"https:\/\/www.splekawica.pl\/index.php\/wp-json\/wp\/v2\/users\/1"}],"replies":[{"embeddable":true,"href":"https:\/\/www.splekawica.pl\/index.php\/wp-json\/wp\/v2\/comments?post=762"}],"version-history":[{"count":0,"href":"https:\/\/www.splekawica.pl\/index.php\/wp-json\/wp\/v2\/posts\/762\/revisions"}],"wp:attachment":[{"href":"https:\/\/www.splekawica.pl\/index.php\/wp-json\/wp\/v2\/media?parent=762"}],"wp:term":[{"taxonomy":"category","embeddable":true,"href":"https:\/\/www.splekawica.pl\/index.php\/wp-json\/wp\/v2\/categories?post=762"},{"taxonomy":"post_tag","embeddable":true,"href":"https:\/\/www.splekawica.pl\/index.php\/wp-json\/wp\/v2\/tags?post=762"}],"curies":[{"name":"wp","href":"https:\/\/api.w.org\/{rel}","templated":true}]}}