{"id":8789,"date":"2025-02-19T12:43:17","date_gmt":"2025-02-19T12:43:17","guid":{"rendered":"https:\/\/www.splekawica.pl\/?p=8789"},"modified":"2025-02-24T12:47:24","modified_gmt":"2025-02-24T12:47:24","slug":"bajki-pomagajki-2","status":"publish","type":"post","link":"https:\/\/www.splekawica.pl\/index.php\/2025\/02\/19\/bajki-pomagajki-2\/","title":{"rendered":"Bajki Pomagajki"},"content":{"rendered":"\n<p>Spotkanie czytelnicze z pani\u0105 Ani\u0105 z biblioteki publicznej. Podczas dzisiejszych zaj\u0119\u0107 dzieci wys\u0142ucha\u0142y bajek: &#8222;Sam cukier&#8221; K. Samosiej oraz &#8222;Smaki&#8221; M. Skikiewicz, T. Samojlik w ramach Dyskusyjnego Klubu Ksi\u0105\u017cki. Nast\u0119pnie pozna\u0142y przygody Paj\u0105ka Gogo i Czerwonego Kalosza realizuj\u0105c projekt &#8222;Bajki Pomagajki&#8221;. Przedszkolaki s\u0142ucha\u0142y z zainteresowaniem opowie\u015bci a na koniec ch\u0119tnie odpowiada\u0142y na pytania.<\/p>\n\n\n\n<figure class=\"wp-block-gallery has-nested-images columns-1 is-cropped wp-block-gallery-2 is-layout-flex wp-block-gallery-is-layout-flex\">\n<figure class=\"wp-block-image size-medium\"><img loading=\"lazy\" decoding=\"async\" width=\"221\" height=\"300\" data-id=\"8790\" src=\"https:\/\/www.splekawica.pl\/wp-content\/uploads\/2025\/02\/480328510_122185831916094669_8504399017999399717_n-221x300.jpg\" alt=\"\" class=\"wp-image-8790\" srcset=\"https:\/\/www.splekawica.pl\/wp-content\/uploads\/2025\/02\/480328510_122185831916094669_8504399017999399717_n-221x300.jpg 221w, https:\/\/www.splekawica.pl\/wp-content\/uploads\/2025\/02\/480328510_122185831916094669_8504399017999399717_n.jpg 752w\" sizes=\"auto, (max-width: 221px) 100vw, 221px\" \/><\/figure>\n\n\n\n<figure class=\"wp-block-image size-medium\"><img loading=\"lazy\" decoding=\"async\" width=\"221\" height=\"300\" data-id=\"8791\" src=\"https:\/\/www.splekawica.pl\/wp-content\/uploads\/2025\/02\/480559648_122185832042094669_186634744360544992_n-221x300.jpg\" alt=\"\" class=\"wp-image-8791\" srcset=\"https:\/\/www.splekawica.pl\/wp-content\/uploads\/2025\/02\/480559648_122185832042094669_186634744360544992_n-221x300.jpg 221w, https:\/\/www.splekawica.pl\/wp-content\/uploads\/2025\/02\/480559648_122185832042094669_186634744360544992_n.jpg 752w\" sizes=\"auto, (max-width: 221px) 100vw, 221px\" \/><\/figure>\n\n\n\n<figure class=\"wp-block-image size-medium\"><img loading=\"lazy\" decoding=\"async\" width=\"221\" height=\"300\" data-id=\"8792\" src=\"https:\/\/www.splekawica.pl\/wp-content\/uploads\/2025\/02\/480817648_122185832000094669_1815110206442527864_n-221x300.jpg\" alt=\"\" class=\"wp-image-8792\" srcset=\"https:\/\/www.splekawica.pl\/wp-content\/uploads\/2025\/02\/480817648_122185832000094669_1815110206442527864_n-221x300.jpg 221w, https:\/\/www.splekawica.pl\/wp-content\/uploads\/2025\/02\/480817648_122185832000094669_1815110206442527864_n.jpg 752w\" sizes=\"auto, (max-width: 221px) 100vw, 221px\" \/><\/figure>\n<\/figure>\n","protected":false},"excerpt":{"rendered":"<p>Spotkanie czytelnicze z pani\u0105 Ani\u0105 z biblioteki publicznej. Podczas dzisiejszych zaj\u0119\u0107 dzieci wys\u0142ucha\u0142y bajek: &#8222;Sam cukier&#8221; K. Samosiej oraz &#8222;Smaki&#8221; [&hellip;]<\/p>\n","protected":false},"author":1,"featured_media":8792,"comment_status":"open","ping_status":"open","sticky":false,"template":"","format":"standard","meta":{"_uag_custom_page_level_css":"","footnotes":""},"categories":[16],"tags":[],"class_list":["post-8789","post","type-post","status-publish","format-standard","has-post-thumbnail","hentry","category-przedszkole"],"uagb_featured_image_src":{"full":["https:\/\/www.splekawica.pl\/wp-content\/uploads\/2025\/02\/480817648_122185832000094669_1815110206442527864_n.jpg",752,1020,false],"thumbnail":["https:\/\/www.splekawica.pl\/wp-content\/uploads\/2025\/02\/480817648_122185832000094669_1815110206442527864_n-150x150.jpg",150,150,true],"medium":["https:\/\/www.splekawica.pl\/wp-content\/uploads\/2025\/02\/480817648_122185832000094669_1815110206442527864_n-221x300.jpg",221,300,true],"medium_large":["https:\/\/www.splekawica.pl\/wp-content\/uploads\/2025\/02\/480817648_122185832000094669_1815110206442527864_n.jpg",640,868,false],"large":["https:\/\/www.splekawica.pl\/wp-content\/uploads\/2025\/02\/480817648_122185832000094669_1815110206442527864_n.jpg",640,868,false],"1536x1536":["https:\/\/www.splekawica.pl\/wp-content\/uploads\/2025\/02\/480817648_122185832000094669_1815110206442527864_n.jpg",752,1020,false],"2048x2048":["https:\/\/www.splekawica.pl\/wp-content\/uploads\/2025\/02\/480817648_122185832000094669_1815110206442527864_n.jpg",752,1020,false],"bizberg_medium":["https:\/\/www.splekawica.pl\/wp-content\/uploads\/2025\/02\/480817648_122185832000094669_1815110206442527864_n-300x300.jpg",300,300,true],"bizberg_gallery":["https:\/\/www.splekawica.pl\/wp-content\/uploads\/2025\/02\/480817648_122185832000094669_1815110206442527864_n-500x400.jpg",500,400,true],"bizberg_blog_list":["https:\/\/www.splekawica.pl\/wp-content\/uploads\/2025\/02\/480817648_122185832000094669_1815110206442527864_n-368x240.jpg",368,240,true],"bizberg_detail_image":["https:\/\/www.splekawica.pl\/wp-content\/uploads\/2025\/02\/480817648_122185832000094669_1815110206442527864_n-752x400.jpg",752,400,true],"bizberg_detail_image_no_sidebar":["https:\/\/www.splekawica.pl\/wp-content\/uploads\/2025\/02\/480817648_122185832000094669_1815110206442527864_n-752x400.jpg",752,400,true],"bizberg_portfolio_homepage":["https:\/\/www.splekawica.pl\/wp-content\/uploads\/2025\/02\/480817648_122185832000094669_1815110206442527864_n-600x400.jpg",600,400,true],"bizberg_blog_list_no_sidebar_1":["https:\/\/www.splekawica.pl\/wp-content\/uploads\/2025\/02\/480817648_122185832000094669_1815110206442527864_n-220x190.jpg",220,190,true]},"uagb_author_info":{"display_name":"admin","author_link":"https:\/\/www.splekawica.pl\/index.php\/author\/admin\/"},"uagb_comment_info":0,"uagb_excerpt":"Spotkanie czytelnicze z pani\u0105 Ani\u0105 z biblioteki publicznej. Podczas dzisiejszych zaj\u0119\u0107 dzieci wys\u0142ucha\u0142y bajek: &#8222;Sam cukier&#8221; K. Samosiej oraz &#8222;Smaki&#8221; [&hellip;]","_links":{"self":[{"href":"https:\/\/www.splekawica.pl\/index.php\/wp-json\/wp\/v2\/posts\/8789","targetHints":{"allow":["GET"]}}],"collection":[{"href":"https:\/\/www.splekawica.pl\/index.php\/wp-json\/wp\/v2\/posts"}],"about":[{"href":"https:\/\/www.splekawica.pl\/index.php\/wp-json\/wp\/v2\/types\/post"}],"author":[{"embeddable":true,"href":"https:\/\/www.splekawica.pl\/index.php\/wp-json\/wp\/v2\/users\/1"}],"replies":[{"embeddable":true,"href":"https:\/\/www.splekawica.pl\/index.php\/wp-json\/wp\/v2\/comments?post=8789"}],"version-history":[{"count":1,"href":"https:\/\/www.splekawica.pl\/index.php\/wp-json\/wp\/v2\/posts\/8789\/revisions"}],"predecessor-version":[{"id":8793,"href":"https:\/\/www.splekawica.pl\/index.php\/wp-json\/wp\/v2\/posts\/8789\/revisions\/8793"}],"wp:featuredmedia":[{"embeddable":true,"href":"https:\/\/www.splekawica.pl\/index.php\/wp-json\/wp\/v2\/media\/8792"}],"wp:attachment":[{"href":"https:\/\/www.splekawica.pl\/index.php\/wp-json\/wp\/v2\/media?parent=8789"}],"wp:term":[{"taxonomy":"category","embeddable":true,"href":"https:\/\/www.splekawica.pl\/index.php\/wp-json\/wp\/v2\/categories?post=8789"},{"taxonomy":"post_tag","embeddable":true,"href":"https:\/\/www.splekawica.pl\/index.php\/wp-json\/wp\/v2\/tags?post=8789"}],"curies":[{"name":"wp","href":"https:\/\/api.w.org\/{rel}","templated":true}]}}