{"id":8805,"date":"2025-02-24T14:15:42","date_gmt":"2025-02-24T14:15:42","guid":{"rendered":"https:\/\/www.splekawica.pl\/?p=8805"},"modified":"2025-02-24T14:15:43","modified_gmt":"2025-02-24T14:15:43","slug":"rekrutacja-2","status":"publish","type":"post","link":"https:\/\/www.splekawica.pl\/index.php\/2025\/02\/24\/rekrutacja-2\/","title":{"rendered":"Rekrutacja"},"content":{"rendered":"\n<p class=\"has-text-align-center\">Dyrekcja Szko\u0142y Podstawowej<br>im. Romana Jab\u0142o\u0144skiego w \u0141\u0119kawicy,<br>informuje i\u017c od<strong> 03.03 do 17.03.2025 r<\/strong>.<br>w sekretariacie szko\u0142y oraz na stronie internetowej s\u0105 dost\u0119pne<\/p>\n\n\n\n<p class=\"has-text-align-center\">wnioski o przyj\u0119cie dzieci do oddzia\u0142\u00f3w<br>przedszkolnych i do klasy I na rok szkolny 2025\/2026.<\/p>\n\n\n\n<div class=\"wp-block-file\"><a id=\"wp-block-file--media-27867c8a-fb01-4b36-903c-e1d1beac3653\" href=\"https:\/\/www.splekawica.pl\/wp-content\/uploads\/2025\/02\/Harmonogram-Rekrutacji-2025.2026.docx\">Harmonogram Rekrutacji 2025.2026<\/a><a href=\"https:\/\/www.splekawica.pl\/wp-content\/uploads\/2025\/02\/Harmonogram-Rekrutacji-2025.2026.docx\" class=\"wp-block-file__button wp-element-button\" download aria-describedby=\"wp-block-file--media-27867c8a-fb01-4b36-903c-e1d1beac3653\">Pobierz<\/a><\/div>\n\n\n\n<div class=\"wp-block-file\"><a id=\"wp-block-file--media-0786fb06-217e-4bc6-8993-238e77075937\" href=\"https:\/\/www.splekawica.pl\/wp-content\/uploads\/2025\/02\/wniosek-przyjecia-do-przedszkola.docx\">wniosek przyjecia do przedszkola.<\/a><a href=\"https:\/\/www.splekawica.pl\/wp-content\/uploads\/2025\/02\/wniosek-przyjecia-do-przedszkola.docx\" class=\"wp-block-file__button wp-element-button\" download aria-describedby=\"wp-block-file--media-0786fb06-217e-4bc6-8993-238e77075937\">Pobierz<\/a><\/div>\n\n\n\n<div class=\"wp-block-file\"><a id=\"wp-block-file--media-682c91e9-550e-48f8-91ae-a6256cd32132\" href=\"https:\/\/www.splekawica.pl\/wp-content\/uploads\/2025\/02\/wniosek-do-kl-I-obwod-Lekawica.docx\">wniosek  do kl I &#8211; obw\u00f3d \u0141\u0119kawica<\/a><a href=\"https:\/\/www.splekawica.pl\/wp-content\/uploads\/2025\/02\/wniosek-do-kl-I-obwod-Lekawica.docx\" class=\"wp-block-file__button wp-element-button\" download aria-describedby=\"wp-block-file--media-682c91e9-550e-48f8-91ae-a6256cd32132\">Pobierz<\/a><\/div>\n\n\n\n<div class=\"wp-block-file\"><a id=\"wp-block-file--media-2f444ca0-fa09-4b68-b91c-826e307b27fc\" href=\"https:\/\/www.splekawica.pl\/wp-content\/uploads\/2025\/02\/wniosek-do-kl-I-spoza-obwodu.docx\">wniosek do kl I &#8211; spoza obwodu<\/a><a href=\"https:\/\/www.splekawica.pl\/wp-content\/uploads\/2025\/02\/wniosek-do-kl-I-spoza-obwodu.docx\" class=\"wp-block-file__button wp-element-button\" download aria-describedby=\"wp-block-file--media-2f444ca0-fa09-4b68-b91c-826e307b27fc\">Pobierz<\/a><\/div>\n\n\n\n<div class=\"wp-block-file\"><a id=\"wp-block-file--media-c3509a2a-9302-4dd8-9d90-bb6742f20e79\" href=\"https:\/\/www.splekawica.pl\/wp-content\/uploads\/2025\/02\/wola-przyjecia.docx\">wola przyj\u0119cia<\/a><a href=\"https:\/\/www.splekawica.pl\/wp-content\/uploads\/2025\/02\/wola-przyjecia.docx\" class=\"wp-block-file__button wp-element-button\" download aria-describedby=\"wp-block-file--media-c3509a2a-9302-4dd8-9d90-bb6742f20e79\">Pobierz<\/a><\/div>\n\n\n\n<div class=\"wp-block-file\"><a id=\"wp-block-file--media-3c61fc6d-b3cd-479f-8798-c7f3480f5988\" href=\"https:\/\/www.splekawica.pl\/wp-content\/uploads\/2025\/02\/wola-przyjecia-I-kl.docx\">wola przyj\u0119cia-I kl<\/a><a href=\"https:\/\/www.splekawica.pl\/wp-content\/uploads\/2025\/02\/wola-przyjecia-I-kl.docx\" class=\"wp-block-file__button wp-element-button\" download aria-describedby=\"wp-block-file--media-3c61fc6d-b3cd-479f-8798-c7f3480f5988\">Pobierz<\/a><\/div>\n\n\n\n<p><\/p>\n","protected":false},"excerpt":{"rendered":"<p>Dyrekcja Szko\u0142y Podstawowejim. Romana Jab\u0142o\u0144skiego w \u0141\u0119kawicy,informuje i\u017c od 03.03 do 17.03.2025 r.w sekretariacie szko\u0142y oraz na stronie internetowej s\u0105 [&hellip;]<\/p>\n","protected":false},"author":1,"featured_media":8787,"comment_status":"open","ping_status":"open","sticky":false,"template":"","format":"standard","meta":{"_uag_custom_page_level_css":"","footnotes":""},"categories":[16,5],"tags":[],"class_list":["post-8805","post","type-post","status-publish","format-standard","has-post-thumbnail","hentry","category-przedszkole","category-szkola"],"uagb_featured_image_src":{"full":["https:\/\/www.splekawica.pl\/wp-content\/uploads\/2025\/02\/zapisy_przedszkole.jpg",1920,1080,false],"thumbnail":["https:\/\/www.splekawica.pl\/wp-content\/uploads\/2025\/02\/zapisy_przedszkole-150x150.jpg",150,150,true],"medium":["https:\/\/www.splekawica.pl\/wp-content\/uploads\/2025\/02\/zapisy_przedszkole-300x169.jpg",300,169,true],"medium_large":["https:\/\/www.splekawica.pl\/wp-content\/uploads\/2025\/02\/zapisy_przedszkole-768x432.jpg",640,360,true],"large":["https:\/\/www.splekawica.pl\/wp-content\/uploads\/2025\/02\/zapisy_przedszkole-1024x576.jpg",640,360,true],"1536x1536":["https:\/\/www.splekawica.pl\/wp-content\/uploads\/2025\/02\/zapisy_przedszkole-1536x864.jpg",1536,864,true],"2048x2048":["https:\/\/www.splekawica.pl\/wp-content\/uploads\/2025\/02\/zapisy_przedszkole.jpg",1920,1080,false],"bizberg_medium":["https:\/\/www.splekawica.pl\/wp-content\/uploads\/2025\/02\/zapisy_przedszkole-300x300.jpg",300,300,true],"bizberg_gallery":["https:\/\/www.splekawica.pl\/wp-content\/uploads\/2025\/02\/zapisy_przedszkole-500x400.jpg",500,400,true],"bizberg_blog_list":["https:\/\/www.splekawica.pl\/wp-content\/uploads\/2025\/02\/zapisy_przedszkole-368x240.jpg",368,240,true],"bizberg_detail_image":["https:\/\/www.splekawica.pl\/wp-content\/uploads\/2025\/02\/zapisy_przedszkole-825x400.jpg",825,400,true],"bizberg_detail_image_no_sidebar":["https:\/\/www.splekawica.pl\/wp-content\/uploads\/2025\/02\/zapisy_przedszkole-920x400.jpg",920,400,true],"bizberg_portfolio_homepage":["https:\/\/www.splekawica.pl\/wp-content\/uploads\/2025\/02\/zapisy_przedszkole-600x400.jpg",600,400,true],"bizberg_blog_list_no_sidebar_1":["https:\/\/www.splekawica.pl\/wp-content\/uploads\/2025\/02\/zapisy_przedszkole-220x190.jpg",220,190,true]},"uagb_author_info":{"display_name":"admin","author_link":"https:\/\/www.splekawica.pl\/index.php\/author\/admin\/"},"uagb_comment_info":0,"uagb_excerpt":"Dyrekcja Szko\u0142y Podstawowejim. Romana Jab\u0142o\u0144skiego w \u0141\u0119kawicy,informuje i\u017c od 03.03 do 17.03.2025 r.w sekretariacie szko\u0142y oraz na stronie internetowej s\u0105 [&hellip;]","_links":{"self":[{"href":"https:\/\/www.splekawica.pl\/index.php\/wp-json\/wp\/v2\/posts\/8805","targetHints":{"allow":["GET"]}}],"collection":[{"href":"https:\/\/www.splekawica.pl\/index.php\/wp-json\/wp\/v2\/posts"}],"about":[{"href":"https:\/\/www.splekawica.pl\/index.php\/wp-json\/wp\/v2\/types\/post"}],"author":[{"embeddable":true,"href":"https:\/\/www.splekawica.pl\/index.php\/wp-json\/wp\/v2\/users\/1"}],"replies":[{"embeddable":true,"href":"https:\/\/www.splekawica.pl\/index.php\/wp-json\/wp\/v2\/comments?post=8805"}],"version-history":[{"count":1,"href":"https:\/\/www.splekawica.pl\/index.php\/wp-json\/wp\/v2\/posts\/8805\/revisions"}],"predecessor-version":[{"id":8812,"href":"https:\/\/www.splekawica.pl\/index.php\/wp-json\/wp\/v2\/posts\/8805\/revisions\/8812"}],"wp:featuredmedia":[{"embeddable":true,"href":"https:\/\/www.splekawica.pl\/index.php\/wp-json\/wp\/v2\/media\/8787"}],"wp:attachment":[{"href":"https:\/\/www.splekawica.pl\/index.php\/wp-json\/wp\/v2\/media?parent=8805"}],"wp:term":[{"taxonomy":"category","embeddable":true,"href":"https:\/\/www.splekawica.pl\/index.php\/wp-json\/wp\/v2\/categories?post=8805"},{"taxonomy":"post_tag","embeddable":true,"href":"https:\/\/www.splekawica.pl\/index.php\/wp-json\/wp\/v2\/tags?post=8805"}],"curies":[{"name":"wp","href":"https:\/\/api.w.org\/{rel}","templated":true}]}}