{"id":89,"date":"2018-11-09T15:19:23","date_gmt":"2018-11-09T15:19:23","guid":{"rendered":"http:\/\/www.splekawica.pl\/index.php\/2018\/11\/09\/100-lecie-odzyskania-przez-polske-niepodleglosci\/"},"modified":"2018-11-09T15:19:23","modified_gmt":"2018-11-09T15:19:23","slug":"100-lecie-odzyskania-przez-polske-niepodleglosci","status":"publish","type":"post","link":"https:\/\/www.splekawica.pl\/index.php\/2018\/11\/09\/100-lecie-odzyskania-przez-polske-niepodleglosci\/","title":{"rendered":"100-lecie odzyskania przez Polsk\u0119 Niepodleg\u0142o\u015bci"},"content":{"rendered":"<p>Na pocz\u0105tku listopada nasza szko\u0142a zosta\u0142a przystrojona w bia\u0142o-czerwone barwy. Flagi, god\u0142a oraz plakaty przyozdobi\u0142y gazetki na szkolnych korytarza, a w klasach pojawi\u0142y si\u0119 gazetki tematyczne. Uczniowie z okazji nadchodz\u0105cych obchod\u00f3w 100- lecia Odzyskania przez Polsk\u0119 Niepodleg\u0142o\u015bci wzi\u0119li udzia\u0142 w wielu konkursach m.in. w Ma\u0142opolskim Dyktandzie Niepodleg\u0142o\u015bciowym. Uczniowie z klas I-III wykonywali prace plastyczne o tem<span class=\"text_exposed_show\">atyce patriotycznej. Z kolei przedstawiciele klas starszych uczestniczyli w konkursach pie\u015bni patriotycznych oraz recytacji wierszy. Przez ca\u0142y listopad wychowankowie \u015bpiewali razem z pani\u0105 Teres\u0105 Studnick\u0105 pie\u015bni o Ojczy\u017anie. Ponadto na lekcji historii pod opiek\u0105 pani Anny Kasiarz wykonali plakaty 100 najwybitniejszych postaci, kt\u00f3re mia\u0142y wp\u0142yw na dzieje kraju.<br \/>A\u017c nadszed\u0142 upragniony 11 listopada\u2026. Nasza szko\u0142a rozpocz\u0119\u0142a \u015bwi\u0119towa\u0107 to radosne wydarzenie dla Polak\u00f3w ju\u017c 9 listopada. By\u0142 to dzie\u0144 wolny od zaj\u0119\u0107 dydaktycznych. Obchodzili\u015bmy hucznie 100-lecie Odzyskania przez Polsk\u0119 Niepodleg\u0142o\u015bci. O godzinie 9.00 wszyscy uczniowie wzi\u0119li udzia\u0142 w konkursie historycznym, a o godz. 10.00 rozpocz\u0119\u0142a si\u0119 akademia z okazji tego wydarzenia. Po wprowadzeniu sztandaru oraz od\u015bpiewaniu hymnu, pan Dyrektor powita\u0142 przyby\u0142ych go\u015bci: W\u00f3jta Gminy Strysz\u00f3w- pana Jana Wac\u0142awskiego, W\u00f3jta Elekta &#8211; pana Szymona Dumana , przedstawicieli Rady Gminy, rodzic\u00f3w, mieszka\u0144c\u00f3w \u0141\u0119kawicy, Grono Pedagogiczne oraz uczni\u00f3w. Nast\u0119pnie wszyscy zgromadzeni obejrzeli inscenizacj\u0119 przygotowan\u0105 przez uczni\u00f3w klasy VII. W trakcie akademii przypomniano najwa\u017cniejsze wydarzenia historyczne, kt\u00f3re mia\u0142y wp\u0142yw na nasze pa\u0144stwo. Przeniesiono nas w realia XVIII- wiecznej Polski, by przedstawi\u0107 nastroje panuj\u0105ce w tamtych czasach, kiedy to Polski nie by\u0142o na mapach Europy. Wyst\u0119p zosta\u0142 wzbogacony o recytacj\u0119 wierszy oraz pie\u015bni patriotyczne. Po cz\u0119\u015bci artystycznej go\u015bcie udali si\u0119 na \u201eBiesiad\u0119 Niepodleg\u0142o\u015bciow\u0105\u201d, gdzie kosztowali tradycyjny bigos staropolski. Po pocz\u0119stunku wsp\u00f3lnie \u015bpiewano pie\u015bni patriotyczne. Odby\u0142y si\u0119 tak\u017ce wyst\u0119py uczni\u00f3w, kt\u00f3rzy zwyci\u0119\u017cyli w konkursach szkolnych. Wiersze patriotyczne deklamowali : Igor Mamcarczyk z kl. VI. ( zwyci\u0119zca w kategorii\u00a0<br \/>kl. IV-VI) oraz Jakub Mirocha z kl. VII (zwyci\u0119zca w kategorii kl. VII-VIII). Pie\u015bni patriotyczne zaprezentowa\u0142y uczennice: Anna Potoczny kl. II( kategoria kl. I-III), Gabriela Stawowy kl. V ( kategoria kl. IV-VI) oraz Emilia Potoczny kl. VII ( kategoria kl. VII-VIII). Drug\u0105 cz\u0119\u015b\u0107 wzbogaci\u0142 tak\u017ce wyst\u0119p artystyczny przygotowany przez pani\u0105 Mart\u0119 Okr\u0119glick\u0105. Swoje talenty zaprezentowa\u0142: cheerleaderki ( uczennice z klasy V i VI), gimnastyczki ( uczennice z kl. VI i VII) oraz szkolni pi\u0142karze. Po cz\u0119\u015bci oficjalnej odby\u0142y si\u0119 rozgrywki hokejowe.<\/span><\/p>\n<p>\u00a0<\/p>\n<p><span class=\"text_exposed_show\">{gallery}galeria\/galeria2018\/100lecieNiepodleglosci{\/gallery}<\/span><\/p>\n","protected":false},"excerpt":{"rendered":"<p>Na pocz\u0105tku listopada nasza szko\u0142a zosta\u0142a przystrojona w bia\u0142o-czerwone barwy. Flagi, god\u0142a oraz plakaty przyozdobi\u0142y gazetki na szkolnych korytarza, a [&hellip;]<\/p>\n","protected":false},"author":1,"featured_media":0,"comment_status":"open","ping_status":"open","sticky":false,"template":"","format":"standard","meta":{"_uag_custom_page_level_css":"","footnotes":""},"categories":[5],"tags":[],"class_list":["post-89","post","type-post","status-publish","format-standard","hentry","category-szkola"],"uagb_featured_image_src":{"full":false,"thumbnail":false,"medium":false,"medium_large":false,"large":false,"1536x1536":false,"2048x2048":false,"bizberg_medium":false,"bizberg_gallery":false,"bizberg_blog_list":false,"bizberg_detail_image":false,"bizberg_detail_image_no_sidebar":false,"bizberg_portfolio_homepage":false,"bizberg_blog_list_no_sidebar_1":false},"uagb_author_info":{"display_name":"admin","author_link":"https:\/\/www.splekawica.pl\/index.php\/author\/admin\/"},"uagb_comment_info":0,"uagb_excerpt":"Na pocz\u0105tku listopada nasza szko\u0142a zosta\u0142a przystrojona w bia\u0142o-czerwone barwy. Flagi, god\u0142a oraz plakaty przyozdobi\u0142y gazetki na szkolnych korytarza, a [&hellip;]","_links":{"self":[{"href":"https:\/\/www.splekawica.pl\/index.php\/wp-json\/wp\/v2\/posts\/89","targetHints":{"allow":["GET"]}}],"collection":[{"href":"https:\/\/www.splekawica.pl\/index.php\/wp-json\/wp\/v2\/posts"}],"about":[{"href":"https:\/\/www.splekawica.pl\/index.php\/wp-json\/wp\/v2\/types\/post"}],"author":[{"embeddable":true,"href":"https:\/\/www.splekawica.pl\/index.php\/wp-json\/wp\/v2\/users\/1"}],"replies":[{"embeddable":true,"href":"https:\/\/www.splekawica.pl\/index.php\/wp-json\/wp\/v2\/comments?post=89"}],"version-history":[{"count":0,"href":"https:\/\/www.splekawica.pl\/index.php\/wp-json\/wp\/v2\/posts\/89\/revisions"}],"wp:attachment":[{"href":"https:\/\/www.splekawica.pl\/index.php\/wp-json\/wp\/v2\/media?parent=89"}],"wp:term":[{"taxonomy":"category","embeddable":true,"href":"https:\/\/www.splekawica.pl\/index.php\/wp-json\/wp\/v2\/categories?post=89"},{"taxonomy":"post_tag","embeddable":true,"href":"https:\/\/www.splekawica.pl\/index.php\/wp-json\/wp\/v2\/tags?post=89"}],"curies":[{"name":"wp","href":"https:\/\/api.w.org\/{rel}","templated":true}]}}